{"id":1038428,"date":"2025-09-05T17:06:21","date_gmt":"2025-09-05T17:06:21","guid":{"rendered":"https:\/\/ess.fernandopessoa.pt\/?p=1038428"},"modified":"2026-03-21T12:27:06","modified_gmt":"2026-03-21T12:27:06","slug":"dia-mundial-fisioterapia-envelhecimento-saudavel","status":"publish","type":"post","link":"https:\/\/www.ufp.pt\/en\/dia-mundial-fisioterapia-envelhecimento-saudavel\/","title":{"rendered":"ESS-FP celebra o Dia Mundial da Fisioterapia"},"content":{"rendered":"<div data-elementor-type=\"wp-post\" data-elementor-id=\"1038428\" class=\"elementor elementor-1038428\" data-elementor-post-type=\"post\">\n\t\t\t\t<div class=\"elementor-element elementor-element-c6ecfac e-flex e-con-boxed e-con e-parent\" data-id=\"c6ecfac\" data-element_type=\"container\" data-e-type=\"container\">\n\t\t\t\t\t<div class=\"e-con-inner\">\n\t\t<div class=\"elementor-element elementor-element-dd6295f e-con-full e-flex e-con e-child\" data-id=\"dd6295f\" data-element_type=\"container\" data-e-type=\"container\">\n\t\t\t\t<div class=\"elementor-element elementor-element-ec2a5bc elementor-widget elementor-widget-text-editor\" data-id=\"ec2a5bc\" data-element_type=\"widget\" data-e-type=\"widget\" data-widget_type=\"text-editor.default\">\n\t\t\t\t\t\t\t\t\t<p>O Dia Mundial da Fisioterapia \u00e9 celebrado anualmente, desde 1996, no dia 8 de setembro, que corresponde \u00e0 data da funda\u00e7\u00e3o da atual World Physiotherapy, no ano de 1951. A data assinala a uni\u00e3o e a solidariedade da comunidade global de Fisioterapia e \u00e9 uma excelente oportunidade para os fisioterapeutas refor\u00e7arem o papel significativo que a profiss\u00e3o desempenha na sa\u00fade, na manuten\u00e7\u00e3o e\/ou melhoria da mobilidade e independ\u00eancia funcional, e para promover a profiss\u00e3o e os seus utentes junto dos governos e decisores pol\u00edticos.<\/p><p>Este ano, o Dia Mundial da Fisioterapia \u00e9 dedicado ao Envelhecimento Saud\u00e1vel e a Fisioterapia desempenha um papel fundamental ao longo do ciclo de vida, acompanhando as pessoas nesta evolu\u00e7\u00e3o.<\/p><p>Para celebrar esta data, a Cl\u00ednica Pedag\u00f3gica de Fisioterapia convida a Comunidade Pessoana a frequentar uma sess\u00e3o de preven\u00e7\u00e3o de problemas relacionados com o trabalho, e de esclarecimento sobre como a Fisioterapia pode ajudar no dia-a-dia.<br \/>As sess\u00f5es decorrer\u00e3o no dia 8 de setembro \u00e0s 12h, 12.30h, 13h ou 13.30h, ser\u00e3o gratuitas, mas carecem de inscri\u00e7\u00e3o pr\u00e9via atrav\u00e9s dos contactos:<\/p><p>Telf. +351 22 507 13 84<br \/>cpf@fundacaofernandopessoa.pt<\/p>\t\t\t\t\t\t\t\t<\/div>\n\t\t\t\t<\/div>\n\t\t\t\t\t<\/div>\n\t\t\t\t<\/div>\n\t\t\t\t<\/div>","protected":false},"excerpt":{"rendered":"<p>Para celebrar esta data, 8 de setembro, a Cl\u00ednica Pedag\u00f3gica de Fisioterapia organiza diversas atividades<\/p>","protected":false},"author":2,"featured_media":1048934,"comment_status":"closed","ping_status":"open","sticky":false,"template":"elementor_theme","format":"standard","meta":{"footnotes":""},"categories":[6],"tags":[],"class_list":["post-1038428","post","type-post","status-publish","format-standard","has-post-thumbnail","hentry","category-noticias"],"yoast_head":"<!-- This site is optimized with the Yoast SEO plugin v27.4 - https:\/\/yoast.com\/product\/yoast-seo-wordpress\/ -->\n<title>Dia Mundial da Fisioterapia celebrado na ESSFP<\/title>\n<meta name=\"description\" content=\"8 de setembro - Para celebrar esta data, a Cl\u00ednica Pedag\u00f3gica de Fisioterapia organiza diversas atividades\" \/>\n<meta name=\"robots\" content=\"index, follow, max-snippet:-1, max-image-preview:large, max-video-preview:-1\" \/>\n<link rel=\"canonical\" href=\"https:\/\/www.ufp.pt\/en\/dia-mundial-fisioterapia-envelhecimento-saudavel\/\" \/>\n<meta property=\"og:locale\" content=\"en_GB\" \/>\n<meta property=\"og:type\" content=\"article\" \/>\n<meta property=\"og:title\" content=\"ESS-FP celebra o Dia Mundial da Fisioterapia\" \/>\n<meta property=\"og:description\" content=\"8 de setembro - Para celebrar esta data, a Cl\u00ednica Pedag\u00f3gica de Fisioterapia organiza diversas atividades\" \/>\n<meta property=\"og:url\" content=\"https:\/\/www.ufp.pt\/en\/dia-mundial-fisioterapia-envelhecimento-saudavel\/\" \/>\n<meta property=\"og:site_name\" content=\"Universidade Fernando Pessoa\" \/>\n<meta property=\"article:publisher\" content=\"http:\/\/facebook.com\/universidadefernandopessoa\" \/>\n<meta property=\"article:published_time\" content=\"2025-09-05T17:06:21+00:00\" \/>\n<meta property=\"article:modified_time\" content=\"2026-03-21T12:27:06+00:00\" \/>\n<meta name=\"author\" content=\"Paulo Matos\" \/>\n<meta name=\"twitter:card\" content=\"summary_large_image\" \/>\n<meta name=\"twitter:title\" content=\"Sess\u00e3o de Hidrodance na Academia de Sa\u00fade e Lazer da Fernando Pessoa\" \/>\n<meta name=\"twitter:description\" content=\"Academia de Sa\u00fade e Lazer em parceria com a Cl\u00ednica Pedag\u00f3gica de Fisioterapia organizou, no dia 4 de julho, uma aula aberta de hidrodance aberta a todos os seus utentes.\" \/>\n<meta name=\"twitter:label1\" content=\"Written by\" \/>\n\t<meta name=\"twitter:data1\" content=\"Paulo Matos\" \/>\n\t<meta name=\"twitter:label2\" content=\"Est. reading time\" \/>\n\t<meta name=\"twitter:data2\" content=\"1 minute\" \/>\n<script type=\"application\/ld+json\" class=\"yoast-schema-graph\">{\"@context\":\"https:\\\/\\\/schema.org\",\"@graph\":[{\"@type\":\"Article\",\"@id\":\"https:\\\/\\\/www.ufp.pt\\\/dia-mundial-fisioterapia-envelhecimento-saudavel\\\/#article\",\"isPartOf\":{\"@id\":\"https:\\\/\\\/www.ufp.pt\\\/dia-mundial-fisioterapia-envelhecimento-saudavel\\\/\"},\"author\":{\"name\":\"Paulo Matos\",\"@id\":\"http:\\\/\\\/new.ufp.pt\\\/#\\\/schema\\\/person\\\/2f3cc3f2b31d956edc90abc04d0dc3d4\"},\"headline\":\"ESS-FP celebra o Dia Mundial da Fisioterapia\",\"datePublished\":\"2025-09-05T17:06:21+00:00\",\"dateModified\":\"2026-03-21T12:27:06+00:00\",\"mainEntityOfPage\":{\"@id\":\"https:\\\/\\\/www.ufp.pt\\\/dia-mundial-fisioterapia-envelhecimento-saudavel\\\/\"},\"wordCount\":199,\"publisher\":{\"@id\":\"http:\\\/\\\/new.ufp.pt\\\/#organization\"},\"image\":{\"@id\":\"https:\\\/\\\/www.ufp.pt\\\/dia-mundial-fisioterapia-envelhecimento-saudavel\\\/#primaryimage\"},\"thumbnailUrl\":\"https:\\\/\\\/www.ufp.pt\\\/wp-content\\\/uploads\\\/2025\\\/09\\\/DiaMundialFisioterapia3_Noticia-80.jpg\",\"articleSection\":[\"Not\u00edcias\"],\"inLanguage\":\"en-GB\"},{\"@type\":\"WebPage\",\"@id\":\"https:\\\/\\\/www.ufp.pt\\\/dia-mundial-fisioterapia-envelhecimento-saudavel\\\/\",\"url\":\"https:\\\/\\\/www.ufp.pt\\\/dia-mundial-fisioterapia-envelhecimento-saudavel\\\/\",\"name\":\"Dia Mundial da Fisioterapia celebrado na ESSFP\",\"isPartOf\":{\"@id\":\"http:\\\/\\\/new.ufp.pt\\\/#website\"},\"primaryImageOfPage\":{\"@id\":\"https:\\\/\\\/www.ufp.pt\\\/dia-mundial-fisioterapia-envelhecimento-saudavel\\\/#primaryimage\"},\"image\":{\"@id\":\"https:\\\/\\\/www.ufp.pt\\\/dia-mundial-fisioterapia-envelhecimento-saudavel\\\/#primaryimage\"},\"thumbnailUrl\":\"https:\\\/\\\/www.ufp.pt\\\/wp-content\\\/uploads\\\/2025\\\/09\\\/DiaMundialFisioterapia3_Noticia-80.jpg\",\"datePublished\":\"2025-09-05T17:06:21+00:00\",\"dateModified\":\"2026-03-21T12:27:06+00:00\",\"description\":\"8 de setembro - Para celebrar esta data, a Cl\u00ednica Pedag\u00f3gica de Fisioterapia organiza diversas atividades\",\"breadcrumb\":{\"@id\":\"https:\\\/\\\/www.ufp.pt\\\/dia-mundial-fisioterapia-envelhecimento-saudavel\\\/#breadcrumb\"},\"inLanguage\":\"en-GB\",\"potentialAction\":[{\"@type\":\"ReadAction\",\"target\":[\"https:\\\/\\\/www.ufp.pt\\\/dia-mundial-fisioterapia-envelhecimento-saudavel\\\/\"]}]},{\"@type\":\"ImageObject\",\"inLanguage\":\"en-GB\",\"@id\":\"https:\\\/\\\/www.ufp.pt\\\/dia-mundial-fisioterapia-envelhecimento-saudavel\\\/#primaryimage\",\"url\":\"https:\\\/\\\/www.ufp.pt\\\/wp-content\\\/uploads\\\/2025\\\/09\\\/DiaMundialFisioterapia3_Noticia-80.jpg\",\"contentUrl\":\"https:\\\/\\\/www.ufp.pt\\\/wp-content\\\/uploads\\\/2025\\\/09\\\/DiaMundialFisioterapia3_Noticia-80.jpg\",\"width\":1424,\"height\":748},{\"@type\":\"BreadcrumbList\",\"@id\":\"https:\\\/\\\/www.ufp.pt\\\/dia-mundial-fisioterapia-envelhecimento-saudavel\\\/#breadcrumb\",\"itemListElement\":[{\"@type\":\"ListItem\",\"position\":1,\"name\":\"UFP\",\"item\":\"https:\\\/\\\/www.ufp.pt\\\/\"},{\"@type\":\"ListItem\",\"position\":2,\"name\":\"ESS-FP celebra o Dia Mundial da Fisioterapia\"}]},{\"@type\":\"WebSite\",\"@id\":\"http:\\\/\\\/new.ufp.pt\\\/#website\",\"url\":\"http:\\\/\\\/new.ufp.pt\\\/\",\"name\":\"Universidade Fernando Pessoa\",\"description\":\"\",\"publisher\":{\"@id\":\"http:\\\/\\\/new.ufp.pt\\\/#organization\"},\"potentialAction\":[{\"@type\":\"SearchAction\",\"target\":{\"@type\":\"EntryPoint\",\"urlTemplate\":\"http:\\\/\\\/new.ufp.pt\\\/?s={search_term_string}\"},\"query-input\":{\"@type\":\"PropertyValueSpecification\",\"valueRequired\":true,\"valueName\":\"search_term_string\"}}],\"inLanguage\":\"en-GB\"},{\"@type\":\"Organization\",\"@id\":\"http:\\\/\\\/new.ufp.pt\\\/#organization\",\"name\":\"Universidade Fernando Pessoa\",\"alternateName\":\"UFP\",\"url\":\"http:\\\/\\\/new.ufp.pt\\\/\",\"logo\":{\"@type\":\"ImageObject\",\"inLanguage\":\"en-GB\",\"@id\":\"http:\\\/\\\/new.ufp.pt\\\/#\\\/schema\\\/logo\\\/image\\\/\",\"url\":\"https:\\\/\\\/www.ufp.pt\\\/wp-content\\\/uploads\\\/2025\\\/11\\\/02logo_ufp_site.svg\",\"contentUrl\":\"https:\\\/\\\/www.ufp.pt\\\/wp-content\\\/uploads\\\/2025\\\/11\\\/02logo_ufp_site.svg\",\"width\":1280,\"height\":1280,\"caption\":\"Universidade Fernando Pessoa\"},\"image\":{\"@id\":\"http:\\\/\\\/new.ufp.pt\\\/#\\\/schema\\\/logo\\\/image\\\/\"},\"sameAs\":[\"http:\\\/\\\/facebook.com\\\/universidadefernandopessoa\",\"https:\\\/\\\/www.instagram.com\\\/universidadefernandopessoa\\\/\",\"https:\\\/\\\/www.youtube.com\\\/channel\\\/UCgDBeiAe6LpnSzEQj6-TssA\",\"https:\\\/\\\/pt.linkedin.com\\\/school\\\/universidade-fernando-pessoa\\\/\"]},{\"@type\":\"Person\",\"@id\":\"http:\\\/\\\/new.ufp.pt\\\/#\\\/schema\\\/person\\\/2f3cc3f2b31d956edc90abc04d0dc3d4\",\"name\":\"Paulo Matos\",\"image\":{\"@type\":\"ImageObject\",\"inLanguage\":\"en-GB\",\"@id\":\"https:\\\/\\\/secure.gravatar.com\\\/avatar\\\/c358966f6f8012cedbf8300902c0f9c218e4d809d3bdfaf616ea16fab02b2c97?s=96&d=mm&r=g\",\"url\":\"https:\\\/\\\/secure.gravatar.com\\\/avatar\\\/c358966f6f8012cedbf8300902c0f9c218e4d809d3bdfaf616ea16fab02b2c97?s=96&d=mm&r=g\",\"contentUrl\":\"https:\\\/\\\/secure.gravatar.com\\\/avatar\\\/c358966f6f8012cedbf8300902c0f9c218e4d809d3bdfaf616ea16fab02b2c97?s=96&d=mm&r=g\",\"caption\":\"Paulo Matos\"},\"url\":\"https:\\\/\\\/www.ufp.pt\\\/en\\\/author\\\/pmatos\\\/\"}]}<\/script>\n<!-- \/ Yoast SEO plugin. -->","yoast_head_json":{"title":"Dia Mundial da Fisioterapia celebrado na ESSFP","description":"8 de setembro - Para celebrar esta data, a Cl\u00ednica Pedag\u00f3gica de Fisioterapia organiza diversas atividades","robots":{"index":"index","follow":"follow","max-snippet":"max-snippet:-1","max-image-preview":"max-image-preview:large","max-video-preview":"max-video-preview:-1"},"canonical":"https:\/\/www.ufp.pt\/en\/dia-mundial-fisioterapia-envelhecimento-saudavel\/","og_locale":"en_GB","og_type":"article","og_title":"ESS-FP celebra o Dia Mundial da Fisioterapia","og_description":"8 de setembro - Para celebrar esta data, a Cl\u00ednica Pedag\u00f3gica de Fisioterapia organiza diversas atividades","og_url":"https:\/\/www.ufp.pt\/en\/dia-mundial-fisioterapia-envelhecimento-saudavel\/","og_site_name":"Universidade Fernando Pessoa","article_publisher":"http:\/\/facebook.com\/universidadefernandopessoa","article_published_time":"2025-09-05T17:06:21+00:00","article_modified_time":"2026-03-21T12:27:06+00:00","author":"Paulo Matos","twitter_card":"summary_large_image","twitter_title":"Sess\u00e3o de Hidrodance na Academia de Sa\u00fade e Lazer da Fernando Pessoa","twitter_description":"Academia de Sa\u00fade e Lazer em parceria com a Cl\u00ednica Pedag\u00f3gica de Fisioterapia organizou, no dia 4 de julho, uma aula aberta de hidrodance aberta a todos os seus utentes.","twitter_misc":{"Written by":"Paulo Matos","Est. reading time":"1 minute"},"schema":{"@context":"https:\/\/schema.org","@graph":[{"@type":"Article","@id":"https:\/\/www.ufp.pt\/dia-mundial-fisioterapia-envelhecimento-saudavel\/#article","isPartOf":{"@id":"https:\/\/www.ufp.pt\/dia-mundial-fisioterapia-envelhecimento-saudavel\/"},"author":{"name":"Paulo Matos","@id":"http:\/\/new.ufp.pt\/#\/schema\/person\/2f3cc3f2b31d956edc90abc04d0dc3d4"},"headline":"ESS-FP celebra o Dia Mundial da Fisioterapia","datePublished":"2025-09-05T17:06:21+00:00","dateModified":"2026-03-21T12:27:06+00:00","mainEntityOfPage":{"@id":"https:\/\/www.ufp.pt\/dia-mundial-fisioterapia-envelhecimento-saudavel\/"},"wordCount":199,"publisher":{"@id":"http:\/\/new.ufp.pt\/#organization"},"image":{"@id":"https:\/\/www.ufp.pt\/dia-mundial-fisioterapia-envelhecimento-saudavel\/#primaryimage"},"thumbnailUrl":"https:\/\/www.ufp.pt\/wp-content\/uploads\/2025\/09\/DiaMundialFisioterapia3_Noticia-80.jpg","articleSection":["Not\u00edcias"],"inLanguage":"en-GB"},{"@type":"WebPage","@id":"https:\/\/www.ufp.pt\/dia-mundial-fisioterapia-envelhecimento-saudavel\/","url":"https:\/\/www.ufp.pt\/dia-mundial-fisioterapia-envelhecimento-saudavel\/","name":"Dia Mundial da Fisioterapia celebrado na ESSFP","isPartOf":{"@id":"http:\/\/new.ufp.pt\/#website"},"primaryImageOfPage":{"@id":"https:\/\/www.ufp.pt\/dia-mundial-fisioterapia-envelhecimento-saudavel\/#primaryimage"},"image":{"@id":"https:\/\/www.ufp.pt\/dia-mundial-fisioterapia-envelhecimento-saudavel\/#primaryimage"},"thumbnailUrl":"https:\/\/www.ufp.pt\/wp-content\/uploads\/2025\/09\/DiaMundialFisioterapia3_Noticia-80.jpg","datePublished":"2025-09-05T17:06:21+00:00","dateModified":"2026-03-21T12:27:06+00:00","description":"8 de setembro - Para celebrar esta data, a Cl\u00ednica Pedag\u00f3gica de Fisioterapia organiza diversas atividades","breadcrumb":{"@id":"https:\/\/www.ufp.pt\/dia-mundial-fisioterapia-envelhecimento-saudavel\/#breadcrumb"},"inLanguage":"en-GB","potentialAction":[{"@type":"ReadAction","target":["https:\/\/www.ufp.pt\/dia-mundial-fisioterapia-envelhecimento-saudavel\/"]}]},{"@type":"ImageObject","inLanguage":"en-GB","@id":"https:\/\/www.ufp.pt\/dia-mundial-fisioterapia-envelhecimento-saudavel\/#primaryimage","url":"https:\/\/www.ufp.pt\/wp-content\/uploads\/2025\/09\/DiaMundialFisioterapia3_Noticia-80.jpg","contentUrl":"https:\/\/www.ufp.pt\/wp-content\/uploads\/2025\/09\/DiaMundialFisioterapia3_Noticia-80.jpg","width":1424,"height":748},{"@type":"BreadcrumbList","@id":"https:\/\/www.ufp.pt\/dia-mundial-fisioterapia-envelhecimento-saudavel\/#breadcrumb","itemListElement":[{"@type":"ListItem","position":1,"name":"UFP","item":"https:\/\/www.ufp.pt\/"},{"@type":"ListItem","position":2,"name":"ESS-FP celebra o Dia Mundial da Fisioterapia"}]},{"@type":"WebSite","@id":"http:\/\/new.ufp.pt\/#website","url":"http:\/\/new.ufp.pt\/","name":"Fernando Pessoa University","description":"","publisher":{"@id":"http:\/\/new.ufp.pt\/#organization"},"potentialAction":[{"@type":"SearchAction","target":{"@type":"EntryPoint","urlTemplate":"http:\/\/new.ufp.pt\/?s={search_term_string}"},"query-input":{"@type":"PropertyValueSpecification","valueRequired":true,"valueName":"search_term_string"}}],"inLanguage":"en-GB"},{"@type":"Organization","@id":"http:\/\/new.ufp.pt\/#organization","name":"Fernando Pessoa University","alternateName":"UFP","url":"http:\/\/new.ufp.pt\/","logo":{"@type":"ImageObject","inLanguage":"en-GB","@id":"http:\/\/new.ufp.pt\/#\/schema\/logo\/image\/","url":"https:\/\/www.ufp.pt\/wp-content\/uploads\/2025\/11\/02logo_ufp_site.svg","contentUrl":"https:\/\/www.ufp.pt\/wp-content\/uploads\/2025\/11\/02logo_ufp_site.svg","width":1280,"height":1280,"caption":"Universidade Fernando Pessoa"},"image":{"@id":"http:\/\/new.ufp.pt\/#\/schema\/logo\/image\/"},"sameAs":["http:\/\/facebook.com\/universidadefernandopessoa","https:\/\/www.instagram.com\/universidadefernandopessoa\/","https:\/\/www.youtube.com\/channel\/UCgDBeiAe6LpnSzEQj6-TssA","https:\/\/pt.linkedin.com\/school\/universidade-fernando-pessoa\/"]},{"@type":"Person","@id":"http:\/\/new.ufp.pt\/#\/schema\/person\/2f3cc3f2b31d956edc90abc04d0dc3d4","name":"Paulo Matos","image":{"@type":"ImageObject","inLanguage":"en-GB","@id":"https:\/\/secure.gravatar.com\/avatar\/c358966f6f8012cedbf8300902c0f9c218e4d809d3bdfaf616ea16fab02b2c97?s=96&d=mm&r=g","url":"https:\/\/secure.gravatar.com\/avatar\/c358966f6f8012cedbf8300902c0f9c218e4d809d3bdfaf616ea16fab02b2c97?s=96&d=mm&r=g","contentUrl":"https:\/\/secure.gravatar.com\/avatar\/c358966f6f8012cedbf8300902c0f9c218e4d809d3bdfaf616ea16fab02b2c97?s=96&d=mm&r=g","caption":"Paulo Matos"},"url":"https:\/\/www.ufp.pt\/en\/author\/pmatos\/"}]}},"_links":{"self":[{"href":"https:\/\/www.ufp.pt\/en\/wp-json\/wp\/v2\/posts\/1038428","targetHints":{"allow":["GET"]}}],"collection":[{"href":"https:\/\/www.ufp.pt\/en\/wp-json\/wp\/v2\/posts"}],"about":[{"href":"https:\/\/www.ufp.pt\/en\/wp-json\/wp\/v2\/types\/post"}],"author":[{"embeddable":true,"href":"https:\/\/www.ufp.pt\/en\/wp-json\/wp\/v2\/users\/2"}],"replies":[{"embeddable":true,"href":"https:\/\/www.ufp.pt\/en\/wp-json\/wp\/v2\/comments?post=1038428"}],"version-history":[{"count":3,"href":"https:\/\/www.ufp.pt\/en\/wp-json\/wp\/v2\/posts\/1038428\/revisions"}],"predecessor-version":[{"id":1048937,"href":"https:\/\/www.ufp.pt\/en\/wp-json\/wp\/v2\/posts\/1038428\/revisions\/1048937"}],"wp:featuredmedia":[{"embeddable":true,"href":"https:\/\/www.ufp.pt\/en\/wp-json\/wp\/v2\/media\/1048934"}],"wp:attachment":[{"href":"https:\/\/www.ufp.pt\/en\/wp-json\/wp\/v2\/media?parent=1038428"}],"wp:term":[{"taxonomy":"category","embeddable":true,"href":"https:\/\/www.ufp.pt\/en\/wp-json\/wp\/v2\/categories?post=1038428"},{"taxonomy":"post_tag","embeddable":true,"href":"https:\/\/www.ufp.pt\/en\/wp-json\/wp\/v2\/tags?post=1038428"}],"curies":[{"name":"wp","href":"https:\/\/api.w.org\/{rel}","templated":true}]}}