{"id":1049793,"date":"2026-04-16T17:48:43","date_gmt":"2026-04-16T17:48:43","guid":{"rendered":"https:\/\/www.ufp.pt\/?p=1049793"},"modified":"2026-04-20T14:45:46","modified_gmt":"2026-04-20T14:45:46","slug":"ufp-promove-iv-congresso-internacional-de-ciencia-politica-e-relacoes-internacionais","status":"publish","type":"post","link":"https:\/\/www.ufp.pt\/en\/ufp-promove-iv-congresso-internacional-de-ciencia-politica-e-relacoes-internacionais\/","title":{"rendered":"UFP hosts the 4th International Congress of Political Science and International Relations <br><small>April 20th \u2022 Main Hall<\/small>"},"content":{"rendered":"<div data-elementor-type=\"wp-post\" data-elementor-id=\"1049793\" class=\"elementor elementor-1049793\" data-elementor-post-type=\"post\">\n\t\t\t\t<div class=\"elementor-element elementor-element-eb8e384 e-flex e-con-boxed e-con e-parent\" data-id=\"eb8e384\" data-element_type=\"container\" data-e-type=\"container\">\n\t\t\t\t\t<div class=\"e-con-inner\">\n\t\t\t\t<div class=\"elementor-element elementor-element-e20085e elementor-widget elementor-widget-text-editor\" data-id=\"e20085e\" data-element_type=\"widget\" data-e-type=\"widget\" data-widget_type=\"text-editor.default\">\n\t\t\t\t\t\t\t\t\t<p>On April 20, 2026, the following will take place: <strong>IV International Congress of Political Science and International Relations \u2013 IV CICPRI 2026<\/strong>.<\/p><p>Held annually, the Congress alternates between &quot;Political Science&quot; and &quot;International Relations.&quot; This year, the focus will be on &quot;International Relations,&quot; more specifically &quot;Geopolitics and the New World Order.&quot;.<\/p><p>Despite the broad scope of areas covered by the theme addressed in this edition, the following stand out: International Relations, Political Science, International Organizations, Jus ad bellum, Jus in bello, Human Rights, Migration, Democracy, Public Policies, Political Economy, Portuguese, European and International Law, Environmental Law, National and International Crime, and Business Sciences.<\/p><p>The 4th CICPRI 2026 presents a global overview of contemporary international geopolitics, exploring the main ongoing conflicts, the most important strategic alliances, the role of major powers, as well as the impact of climate change and the energy transition. It will also address topics such as the nuclear arms race, cybersecurity, the global economy, regional dynamics, and the trends that will shape the future of the international order.<\/p><p>For more information, consult the <a href=\"https:\/\/ci-cpri.ufp.edu.pt\/sobre-about\" target=\"_blank\" rel=\"noopener\">Congress Website<\/a>.<\/p>\t\t\t\t\t\t\t\t<\/div>\n\t\t\t\t\t<\/div>\n\t\t\t\t<\/div>\n\t\t\t\t<\/div>","protected":false},"excerpt":{"rendered":"<p>No pr\u00f3ximo dia 20 de abril de 2026, realizar-se-\u00e1 o IV Congresso Internacional de Ci\u00eancia Pol\u00edtica e Rela\u00e7\u00f5es Internacionais \u2013 IV CICPRI 2026. Realizado anualmente, o Congresso debru\u00e7a-se, de forma alternada, sobre a \u201cCi\u00eancia Pol\u00edtica\u201d ou as \u201cRela\u00e7\u00f5es Internacionais\u201d. Este ano, o foco ser\u00e3o as \u201cRela\u00e7\u00f5es Internacionais\u201d, mais especificamente a \u201cGeopol\u00edtica e a Nova Ordem [&hellip;]<\/p>\n","protected":false},"author":2,"featured_media":1049797,"comment_status":"closed","ping_status":"open","sticky":false,"template":"","format":"standard","meta":{"footnotes":""},"categories":[35],"tags":[],"class_list":["post-1049793","post","type-post","status-publish","format-standard","has-post-thumbnail","hentry","category-eventos"],"yoast_head":"<!-- This site is optimized with the Yoast SEO plugin v27.4 - https:\/\/yoast.com\/product\/yoast-seo-wordpress\/ -->\n<title>UFP promove IV Congresso Internacional de Ci\u00eancia Pol\u00edtica e Rela\u00e7\u00f5es Internacionais 20 de abril \u2022 Sal\u00e3o Nobre - Universidade Fernando Pessoa<\/title>\n<meta name=\"robots\" content=\"index, follow, max-snippet:-1, max-image-preview:large, max-video-preview:-1\" \/>\n<link rel=\"canonical\" href=\"https:\/\/www.ufp.pt\/en\/ufp-promove-iv-congresso-internacional-de-ciencia-politica-e-relacoes-internacionais\/\" \/>\n<meta property=\"og:locale\" content=\"en_GB\" \/>\n<meta property=\"og:type\" content=\"article\" \/>\n<meta property=\"og:title\" content=\"UFP promove IV Congresso Internacional de Ci\u00eancia Pol\u00edtica e Rela\u00e7\u00f5es Internacionais 20 de abril \u2022 Sal\u00e3o Nobre - Universidade Fernando Pessoa\" \/>\n<meta property=\"og:description\" content=\"No pr\u00f3ximo dia 20 de abril de 2026, realizar-se-\u00e1 o IV Congresso Internacional de Ci\u00eancia Pol\u00edtica e Rela\u00e7\u00f5es Internacionais \u2013 IV CICPRI 2026. Realizado anualmente, o Congresso debru\u00e7a-se, de forma alternada, sobre a \u201cCi\u00eancia Pol\u00edtica\u201d ou as \u201cRela\u00e7\u00f5es Internacionais\u201d. Este ano, o foco ser\u00e3o as \u201cRela\u00e7\u00f5es Internacionais\u201d, mais especificamente a \u201cGeopol\u00edtica e a Nova Ordem [&hellip;]\" \/>\n<meta property=\"og:url\" content=\"https:\/\/www.ufp.pt\/en\/ufp-promove-iv-congresso-internacional-de-ciencia-politica-e-relacoes-internacionais\/\" \/>\n<meta property=\"og:site_name\" content=\"Universidade Fernando Pessoa\" \/>\n<meta property=\"article:publisher\" content=\"http:\/\/facebook.com\/universidadefernandopessoa\" \/>\n<meta property=\"article:published_time\" content=\"2026-04-16T17:48:43+00:00\" \/>\n<meta property=\"article:modified_time\" content=\"2026-04-20T14:45:46+00:00\" \/>\n<meta property=\"og:image\" content=\"https:\/\/www.ufp.pt\/wp-content\/uploads\/2026\/03\/IV_CICPRI_Noticia-80.jpg\" \/>\n\t<meta property=\"og:image:width\" content=\"1424\" \/>\n\t<meta property=\"og:image:height\" content=\"748\" \/>\n\t<meta property=\"og:image:type\" content=\"image\/jpeg\" \/>\n<meta name=\"author\" content=\"Paulo Matos\" \/>\n<meta name=\"twitter:card\" content=\"summary_large_image\" \/>\n<meta name=\"twitter:label1\" content=\"Written by\" \/>\n\t<meta name=\"twitter:data1\" content=\"Paulo Matos\" \/>\n\t<meta name=\"twitter:label2\" content=\"Est. reading time\" \/>\n\t<meta name=\"twitter:data2\" content=\"1 minute\" \/>\n<script type=\"application\/ld+json\" class=\"yoast-schema-graph\">{\"@context\":\"https:\\\/\\\/schema.org\",\"@graph\":[{\"@type\":\"Article\",\"@id\":\"https:\\\/\\\/www.ufp.pt\\\/ufp-promove-iv-congresso-internacional-de-ciencia-politica-e-relacoes-internacionais\\\/#article\",\"isPartOf\":{\"@id\":\"https:\\\/\\\/www.ufp.pt\\\/ufp-promove-iv-congresso-internacional-de-ciencia-politica-e-relacoes-internacionais\\\/\"},\"author\":{\"name\":\"Paulo Matos\",\"@id\":\"http:\\\/\\\/new.ufp.pt\\\/#\\\/schema\\\/person\\\/2f3cc3f2b31d956edc90abc04d0dc3d4\"},\"headline\":\"UFP promove IV Congresso Internacional de Ci\u00eancia Pol\u00edtica e Rela\u00e7\u00f5es Internacionais 20 de abril \u2022 Sal\u00e3o Nobre\",\"datePublished\":\"2026-04-16T17:48:43+00:00\",\"dateModified\":\"2026-04-20T14:45:46+00:00\",\"mainEntityOfPage\":{\"@id\":\"https:\\\/\\\/www.ufp.pt\\\/ufp-promove-iv-congresso-internacional-de-ciencia-politica-e-relacoes-internacionais\\\/\"},\"wordCount\":230,\"publisher\":{\"@id\":\"http:\\\/\\\/new.ufp.pt\\\/#organization\"},\"image\":{\"@id\":\"https:\\\/\\\/www.ufp.pt\\\/ufp-promove-iv-congresso-internacional-de-ciencia-politica-e-relacoes-internacionais\\\/#primaryimage\"},\"thumbnailUrl\":\"https:\\\/\\\/www.ufp.pt\\\/wp-content\\\/uploads\\\/2026\\\/03\\\/IV_CICPRI_Noticia-80.jpg\",\"articleSection\":[\"Eventos\"],\"inLanguage\":\"en-GB\"},{\"@type\":\"WebPage\",\"@id\":\"https:\\\/\\\/www.ufp.pt\\\/ufp-promove-iv-congresso-internacional-de-ciencia-politica-e-relacoes-internacionais\\\/\",\"url\":\"https:\\\/\\\/www.ufp.pt\\\/ufp-promove-iv-congresso-internacional-de-ciencia-politica-e-relacoes-internacionais\\\/\",\"name\":\"UFP promove IV Congresso Internacional de Ci\u00eancia Pol\u00edtica e Rela\u00e7\u00f5es Internacionais 20 de abril \u2022 Sal\u00e3o Nobre - Universidade Fernando Pessoa\",\"isPartOf\":{\"@id\":\"http:\\\/\\\/new.ufp.pt\\\/#website\"},\"primaryImageOfPage\":{\"@id\":\"https:\\\/\\\/www.ufp.pt\\\/ufp-promove-iv-congresso-internacional-de-ciencia-politica-e-relacoes-internacionais\\\/#primaryimage\"},\"image\":{\"@id\":\"https:\\\/\\\/www.ufp.pt\\\/ufp-promove-iv-congresso-internacional-de-ciencia-politica-e-relacoes-internacionais\\\/#primaryimage\"},\"thumbnailUrl\":\"https:\\\/\\\/www.ufp.pt\\\/wp-content\\\/uploads\\\/2026\\\/03\\\/IV_CICPRI_Noticia-80.jpg\",\"datePublished\":\"2026-04-16T17:48:43+00:00\",\"dateModified\":\"2026-04-20T14:45:46+00:00\",\"breadcrumb\":{\"@id\":\"https:\\\/\\\/www.ufp.pt\\\/ufp-promove-iv-congresso-internacional-de-ciencia-politica-e-relacoes-internacionais\\\/#breadcrumb\"},\"inLanguage\":\"en-GB\",\"potentialAction\":[{\"@type\":\"ReadAction\",\"target\":[\"https:\\\/\\\/www.ufp.pt\\\/ufp-promove-iv-congresso-internacional-de-ciencia-politica-e-relacoes-internacionais\\\/\"]}]},{\"@type\":\"ImageObject\",\"inLanguage\":\"en-GB\",\"@id\":\"https:\\\/\\\/www.ufp.pt\\\/ufp-promove-iv-congresso-internacional-de-ciencia-politica-e-relacoes-internacionais\\\/#primaryimage\",\"url\":\"https:\\\/\\\/www.ufp.pt\\\/wp-content\\\/uploads\\\/2026\\\/03\\\/IV_CICPRI_Noticia-80.jpg\",\"contentUrl\":\"https:\\\/\\\/www.ufp.pt\\\/wp-content\\\/uploads\\\/2026\\\/03\\\/IV_CICPRI_Noticia-80.jpg\",\"width\":1424,\"height\":748},{\"@type\":\"BreadcrumbList\",\"@id\":\"https:\\\/\\\/www.ufp.pt\\\/ufp-promove-iv-congresso-internacional-de-ciencia-politica-e-relacoes-internacionais\\\/#breadcrumb\",\"itemListElement\":[{\"@type\":\"ListItem\",\"position\":1,\"name\":\"UFP\",\"item\":\"https:\\\/\\\/www.ufp.pt\\\/\"},{\"@type\":\"ListItem\",\"position\":2,\"name\":\"UFP promove IV Congresso Internacional de Ci\u00eancia Pol\u00edtica e Rela\u00e7\u00f5es Internacionais 20 de abril \u2022 Sal\u00e3o Nobre\"}]},{\"@type\":\"WebSite\",\"@id\":\"http:\\\/\\\/new.ufp.pt\\\/#website\",\"url\":\"http:\\\/\\\/new.ufp.pt\\\/\",\"name\":\"Universidade Fernando Pessoa\",\"description\":\"\",\"publisher\":{\"@id\":\"http:\\\/\\\/new.ufp.pt\\\/#organization\"},\"potentialAction\":[{\"@type\":\"SearchAction\",\"target\":{\"@type\":\"EntryPoint\",\"urlTemplate\":\"http:\\\/\\\/new.ufp.pt\\\/?s={search_term_string}\"},\"query-input\":{\"@type\":\"PropertyValueSpecification\",\"valueRequired\":true,\"valueName\":\"search_term_string\"}}],\"inLanguage\":\"en-GB\"},{\"@type\":\"Organization\",\"@id\":\"http:\\\/\\\/new.ufp.pt\\\/#organization\",\"name\":\"Universidade Fernando Pessoa\",\"alternateName\":\"UFP\",\"url\":\"http:\\\/\\\/new.ufp.pt\\\/\",\"logo\":{\"@type\":\"ImageObject\",\"inLanguage\":\"en-GB\",\"@id\":\"http:\\\/\\\/new.ufp.pt\\\/#\\\/schema\\\/logo\\\/image\\\/\",\"url\":\"https:\\\/\\\/www.ufp.pt\\\/wp-content\\\/uploads\\\/2025\\\/11\\\/02logo_ufp_site.svg\",\"contentUrl\":\"https:\\\/\\\/www.ufp.pt\\\/wp-content\\\/uploads\\\/2025\\\/11\\\/02logo_ufp_site.svg\",\"width\":1280,\"height\":1280,\"caption\":\"Universidade Fernando Pessoa\"},\"image\":{\"@id\":\"http:\\\/\\\/new.ufp.pt\\\/#\\\/schema\\\/logo\\\/image\\\/\"},\"sameAs\":[\"http:\\\/\\\/facebook.com\\\/universidadefernandopessoa\",\"https:\\\/\\\/www.instagram.com\\\/universidadefernandopessoa\\\/\",\"https:\\\/\\\/www.youtube.com\\\/channel\\\/UCgDBeiAe6LpnSzEQj6-TssA\",\"https:\\\/\\\/pt.linkedin.com\\\/school\\\/universidade-fernando-pessoa\\\/\"]},{\"@type\":\"Person\",\"@id\":\"http:\\\/\\\/new.ufp.pt\\\/#\\\/schema\\\/person\\\/2f3cc3f2b31d956edc90abc04d0dc3d4\",\"name\":\"Paulo Matos\",\"image\":{\"@type\":\"ImageObject\",\"inLanguage\":\"en-GB\",\"@id\":\"https:\\\/\\\/secure.gravatar.com\\\/avatar\\\/c358966f6f8012cedbf8300902c0f9c218e4d809d3bdfaf616ea16fab02b2c97?s=96&d=mm&r=g\",\"url\":\"https:\\\/\\\/secure.gravatar.com\\\/avatar\\\/c358966f6f8012cedbf8300902c0f9c218e4d809d3bdfaf616ea16fab02b2c97?s=96&d=mm&r=g\",\"contentUrl\":\"https:\\\/\\\/secure.gravatar.com\\\/avatar\\\/c358966f6f8012cedbf8300902c0f9c218e4d809d3bdfaf616ea16fab02b2c97?s=96&d=mm&r=g\",\"caption\":\"Paulo Matos\"},\"url\":\"https:\\\/\\\/www.ufp.pt\\\/en\\\/author\\\/pmatos\\\/\"}]}<\/script>\n<!-- \/ Yoast SEO plugin. -->","yoast_head_json":{"title":"UFP promove IV Congresso Internacional de Ci\u00eancia Pol\u00edtica e Rela\u00e7\u00f5es Internacionais 20 de abril \u2022 Sal\u00e3o Nobre - Universidade Fernando Pessoa","robots":{"index":"index","follow":"follow","max-snippet":"max-snippet:-1","max-image-preview":"max-image-preview:large","max-video-preview":"max-video-preview:-1"},"canonical":"https:\/\/www.ufp.pt\/en\/ufp-promove-iv-congresso-internacional-de-ciencia-politica-e-relacoes-internacionais\/","og_locale":"en_GB","og_type":"article","og_title":"UFP promove IV Congresso Internacional de Ci\u00eancia Pol\u00edtica e Rela\u00e7\u00f5es Internacionais 20 de abril \u2022 Sal\u00e3o Nobre - Universidade Fernando Pessoa","og_description":"No pr\u00f3ximo dia 20 de abril de 2026, realizar-se-\u00e1 o IV Congresso Internacional de Ci\u00eancia Pol\u00edtica e Rela\u00e7\u00f5es Internacionais \u2013 IV CICPRI 2026. Realizado anualmente, o Congresso debru\u00e7a-se, de forma alternada, sobre a \u201cCi\u00eancia Pol\u00edtica\u201d ou as \u201cRela\u00e7\u00f5es Internacionais\u201d. Este ano, o foco ser\u00e3o as \u201cRela\u00e7\u00f5es Internacionais\u201d, mais especificamente a \u201cGeopol\u00edtica e a Nova Ordem [&hellip;]","og_url":"https:\/\/www.ufp.pt\/en\/ufp-promove-iv-congresso-internacional-de-ciencia-politica-e-relacoes-internacionais\/","og_site_name":"Universidade Fernando Pessoa","article_publisher":"http:\/\/facebook.com\/universidadefernandopessoa","article_published_time":"2026-04-16T17:48:43+00:00","article_modified_time":"2026-04-20T14:45:46+00:00","og_image":[{"width":1424,"height":748,"url":"https:\/\/www.ufp.pt\/wp-content\/uploads\/2026\/03\/IV_CICPRI_Noticia-80.jpg","type":"image\/jpeg"}],"author":"Paulo Matos","twitter_card":"summary_large_image","twitter_misc":{"Written by":"Paulo Matos","Est. reading time":"1 minute"},"schema":{"@context":"https:\/\/schema.org","@graph":[{"@type":"Article","@id":"https:\/\/www.ufp.pt\/ufp-promove-iv-congresso-internacional-de-ciencia-politica-e-relacoes-internacionais\/#article","isPartOf":{"@id":"https:\/\/www.ufp.pt\/ufp-promove-iv-congresso-internacional-de-ciencia-politica-e-relacoes-internacionais\/"},"author":{"name":"Paulo Matos","@id":"http:\/\/new.ufp.pt\/#\/schema\/person\/2f3cc3f2b31d956edc90abc04d0dc3d4"},"headline":"UFP promove IV Congresso Internacional de Ci\u00eancia Pol\u00edtica e Rela\u00e7\u00f5es Internacionais 20 de abril \u2022 Sal\u00e3o Nobre","datePublished":"2026-04-16T17:48:43+00:00","dateModified":"2026-04-20T14:45:46+00:00","mainEntityOfPage":{"@id":"https:\/\/www.ufp.pt\/ufp-promove-iv-congresso-internacional-de-ciencia-politica-e-relacoes-internacionais\/"},"wordCount":230,"publisher":{"@id":"http:\/\/new.ufp.pt\/#organization"},"image":{"@id":"https:\/\/www.ufp.pt\/ufp-promove-iv-congresso-internacional-de-ciencia-politica-e-relacoes-internacionais\/#primaryimage"},"thumbnailUrl":"https:\/\/www.ufp.pt\/wp-content\/uploads\/2026\/03\/IV_CICPRI_Noticia-80.jpg","articleSection":["Eventos"],"inLanguage":"en-GB"},{"@type":"WebPage","@id":"https:\/\/www.ufp.pt\/ufp-promove-iv-congresso-internacional-de-ciencia-politica-e-relacoes-internacionais\/","url":"https:\/\/www.ufp.pt\/ufp-promove-iv-congresso-internacional-de-ciencia-politica-e-relacoes-internacionais\/","name":"UFP promove IV Congresso Internacional de Ci\u00eancia Pol\u00edtica e Rela\u00e7\u00f5es Internacionais 20 de abril \u2022 Sal\u00e3o Nobre - Universidade Fernando Pessoa","isPartOf":{"@id":"http:\/\/new.ufp.pt\/#website"},"primaryImageOfPage":{"@id":"https:\/\/www.ufp.pt\/ufp-promove-iv-congresso-internacional-de-ciencia-politica-e-relacoes-internacionais\/#primaryimage"},"image":{"@id":"https:\/\/www.ufp.pt\/ufp-promove-iv-congresso-internacional-de-ciencia-politica-e-relacoes-internacionais\/#primaryimage"},"thumbnailUrl":"https:\/\/www.ufp.pt\/wp-content\/uploads\/2026\/03\/IV_CICPRI_Noticia-80.jpg","datePublished":"2026-04-16T17:48:43+00:00","dateModified":"2026-04-20T14:45:46+00:00","breadcrumb":{"@id":"https:\/\/www.ufp.pt\/ufp-promove-iv-congresso-internacional-de-ciencia-politica-e-relacoes-internacionais\/#breadcrumb"},"inLanguage":"en-GB","potentialAction":[{"@type":"ReadAction","target":["https:\/\/www.ufp.pt\/ufp-promove-iv-congresso-internacional-de-ciencia-politica-e-relacoes-internacionais\/"]}]},{"@type":"ImageObject","inLanguage":"en-GB","@id":"https:\/\/www.ufp.pt\/ufp-promove-iv-congresso-internacional-de-ciencia-politica-e-relacoes-internacionais\/#primaryimage","url":"https:\/\/www.ufp.pt\/wp-content\/uploads\/2026\/03\/IV_CICPRI_Noticia-80.jpg","contentUrl":"https:\/\/www.ufp.pt\/wp-content\/uploads\/2026\/03\/IV_CICPRI_Noticia-80.jpg","width":1424,"height":748},{"@type":"BreadcrumbList","@id":"https:\/\/www.ufp.pt\/ufp-promove-iv-congresso-internacional-de-ciencia-politica-e-relacoes-internacionais\/#breadcrumb","itemListElement":[{"@type":"ListItem","position":1,"name":"UFP","item":"https:\/\/www.ufp.pt\/"},{"@type":"ListItem","position":2,"name":"UFP promove IV Congresso Internacional de Ci\u00eancia Pol\u00edtica e Rela\u00e7\u00f5es Internacionais 20 de abril \u2022 Sal\u00e3o Nobre"}]},{"@type":"WebSite","@id":"http:\/\/new.ufp.pt\/#website","url":"http:\/\/new.ufp.pt\/","name":"Fernando Pessoa University","description":"","publisher":{"@id":"http:\/\/new.ufp.pt\/#organization"},"potentialAction":[{"@type":"SearchAction","target":{"@type":"EntryPoint","urlTemplate":"http:\/\/new.ufp.pt\/?s={search_term_string}"},"query-input":{"@type":"PropertyValueSpecification","valueRequired":true,"valueName":"search_term_string"}}],"inLanguage":"en-GB"},{"@type":"Organization","@id":"http:\/\/new.ufp.pt\/#organization","name":"Fernando Pessoa University","alternateName":"UFP","url":"http:\/\/new.ufp.pt\/","logo":{"@type":"ImageObject","inLanguage":"en-GB","@id":"http:\/\/new.ufp.pt\/#\/schema\/logo\/image\/","url":"https:\/\/www.ufp.pt\/wp-content\/uploads\/2025\/11\/02logo_ufp_site.svg","contentUrl":"https:\/\/www.ufp.pt\/wp-content\/uploads\/2025\/11\/02logo_ufp_site.svg","width":1280,"height":1280,"caption":"Universidade Fernando Pessoa"},"image":{"@id":"http:\/\/new.ufp.pt\/#\/schema\/logo\/image\/"},"sameAs":["http:\/\/facebook.com\/universidadefernandopessoa","https:\/\/www.instagram.com\/universidadefernandopessoa\/","https:\/\/www.youtube.com\/channel\/UCgDBeiAe6LpnSzEQj6-TssA","https:\/\/pt.linkedin.com\/school\/universidade-fernando-pessoa\/"]},{"@type":"Person","@id":"http:\/\/new.ufp.pt\/#\/schema\/person\/2f3cc3f2b31d956edc90abc04d0dc3d4","name":"Paulo Matos","image":{"@type":"ImageObject","inLanguage":"en-GB","@id":"https:\/\/secure.gravatar.com\/avatar\/c358966f6f8012cedbf8300902c0f9c218e4d809d3bdfaf616ea16fab02b2c97?s=96&d=mm&r=g","url":"https:\/\/secure.gravatar.com\/avatar\/c358966f6f8012cedbf8300902c0f9c218e4d809d3bdfaf616ea16fab02b2c97?s=96&d=mm&r=g","contentUrl":"https:\/\/secure.gravatar.com\/avatar\/c358966f6f8012cedbf8300902c0f9c218e4d809d3bdfaf616ea16fab02b2c97?s=96&d=mm&r=g","caption":"Paulo Matos"},"url":"https:\/\/www.ufp.pt\/en\/author\/pmatos\/"}]}},"_links":{"self":[{"href":"https:\/\/www.ufp.pt\/en\/wp-json\/wp\/v2\/posts\/1049793","targetHints":{"allow":["GET"]}}],"collection":[{"href":"https:\/\/www.ufp.pt\/en\/wp-json\/wp\/v2\/posts"}],"about":[{"href":"https:\/\/www.ufp.pt\/en\/wp-json\/wp\/v2\/types\/post"}],"author":[{"embeddable":true,"href":"https:\/\/www.ufp.pt\/en\/wp-json\/wp\/v2\/users\/2"}],"replies":[{"embeddable":true,"href":"https:\/\/www.ufp.pt\/en\/wp-json\/wp\/v2\/comments?post=1049793"}],"version-history":[{"count":15,"href":"https:\/\/www.ufp.pt\/en\/wp-json\/wp\/v2\/posts\/1049793\/revisions"}],"predecessor-version":[{"id":1054386,"href":"https:\/\/www.ufp.pt\/en\/wp-json\/wp\/v2\/posts\/1049793\/revisions\/1054386"}],"wp:featuredmedia":[{"embeddable":true,"href":"https:\/\/www.ufp.pt\/en\/wp-json\/wp\/v2\/media\/1049797"}],"wp:attachment":[{"href":"https:\/\/www.ufp.pt\/en\/wp-json\/wp\/v2\/media?parent=1049793"}],"wp:term":[{"taxonomy":"category","embeddable":true,"href":"https:\/\/www.ufp.pt\/en\/wp-json\/wp\/v2\/categories?post=1049793"},{"taxonomy":"post_tag","embeddable":true,"href":"https:\/\/www.ufp.pt\/en\/wp-json\/wp\/v2\/tags?post=1049793"}],"curies":[{"name":"wp","href":"https:\/\/api.w.org\/{rel}","templated":true}]}}