{"id":1051646,"date":"2026-04-06T10:58:49","date_gmt":"2026-04-06T10:58:49","guid":{"rendered":"https:\/\/www.ufp.pt\/?p=1051646"},"modified":"2026-04-07T11:04:51","modified_gmt":"2026-04-07T11:04:51","slug":"forum-la-mirada-presidencial-del-mercosur-en-la-actual-conjuntura-mundialentrada-livre","status":"publish","type":"post","link":"https:\/\/www.ufp.pt\/en\/forum-la-mirada-presidencial-del-mercosur-en-la-actual-conjuntura-mundialentrada-livre\/","title":{"rendered":"Forum on Mercosur<br><small>April 8th \u2022 Free entry<\/small>"},"content":{"rendered":"<div data-elementor-type=\"wp-post\" data-elementor-id=\"1051646\" class=\"elementor elementor-1051646\" data-elementor-post-type=\"post\">\n\t\t\t\t<div class=\"elementor-element elementor-element-44cf33c e-flex e-con-boxed e-con e-parent\" data-id=\"44cf33c\" data-element_type=\"container\" data-e-type=\"container\">\n\t\t\t\t\t<div class=\"e-con-inner\">\n\t\t\t\t<div class=\"elementor-element elementor-element-9633374 elementor-widget elementor-widget-text-editor\" data-id=\"9633374\" data-element_type=\"widget\" data-e-type=\"widget\" data-widget_type=\"text-editor.default\">\n\t\t\t\t\t\t\t\t\t<p>On April 8th, between 10:30 AM and 1:00 PM, the Noble Hall of the Fernando Pessoa will host the Forum \u201cLa mirada presidente del Mercosur en la actual conjuntura mundial\u201d (The Presidential Perspective of Mercosur in the Current World Context), organized by NELA \u2013 N\u00facleo de Estudos Latino-Americano (Center for Latin American Studies), whose director is Professor Ana Maria Toscano.<\/p><p>This event will incorporate two activities \u2013 an online conference with Dr. Jorge Fernandez Reyes \u2013 President of the Supreme Court of Mercosur, and the presentation of the book \u201c<em>Las Mujeres and the institutionality of Mercosur<\/em>\u201c&quot;, authored by Dr. Liliana Bertoni, President of <a href=\"https:\/\/adei.com.ar\/\" target=\"_blank\" rel=\"noopener\">ADEI \u2013 <em>Association of Integration Studies<\/em><\/a>, and will also feature the presence of Professor Ana Maria Toscano.<\/p><p>The objective of this initiative and the participation of the aforementioned guests is to discuss the new vision of Mercosur. Through the online conference and the presentation of the book (which reflects new theoretical contributions and current methodologies), students will have the opportunity to develop their knowledge in this area and will be able to learn more about ADEI, since Dr. Liliana Bertoni will also give a brief overview of the institution&#039;s objectives.<\/p><p>The event addresses a topic of great interest to students of Political Science and International Relations, but is open to the entire UFP community given its relevance.<\/p>\t\t\t\t\t\t\t\t<\/div>\n\t\t\t\t\t<\/div>\n\t\t\t\t<\/div>\n\t\t\t\t<\/div>","protected":false},"excerpt":{"rendered":"<p>No pr\u00f3ximo dia 8 de abril, entre as 10h30 e as 13h00, o Sal\u00e3o Nobre da Fernando Pessoa acolher\u00e1 o F\u00f3rum &#8220;La mirada presidencial del Mercosur en la actual conjuntura mundial\u201d, organizado pelo NELA &#8211; N\u00facleo de Estudos Latino-Americano, cuja diretora \u00e9 a Prof. Doutora Ana Maria Toscano. Este evento incorporar\u00e1 duas atividades &#8211; a [&hellip;]<\/p>\n","protected":false},"author":14,"featured_media":1051566,"comment_status":"closed","ping_status":"closed","sticky":false,"template":"","format":"standard","meta":{"footnotes":""},"categories":[35],"tags":[],"class_list":["post-1051646","post","type-post","status-publish","format-standard","has-post-thumbnail","hentry","category-eventos"],"yoast_head":"<!-- This site is optimized with the Yoast SEO plugin v27.4 - https:\/\/yoast.com\/product\/yoast-seo-wordpress\/ -->\n<title>F\u00f3rum sobre o Mercosul8 de abril \u2022 Entrada livre - Universidade Fernando Pessoa<\/title>\n<meta name=\"robots\" content=\"index, follow, max-snippet:-1, max-image-preview:large, max-video-preview:-1\" \/>\n<link rel=\"canonical\" href=\"https:\/\/www.ufp.pt\/en\/forum-la-mirada-presidencial-del-mercosur-en-la-actual-conjuntura-mundialentrada-livre\/\" \/>\n<meta property=\"og:locale\" content=\"en_GB\" \/>\n<meta property=\"og:type\" content=\"article\" \/>\n<meta property=\"og:title\" content=\"F\u00f3rum sobre o Mercosul8 de abril \u2022 Entrada livre - Universidade Fernando Pessoa\" \/>\n<meta property=\"og:description\" content=\"No pr\u00f3ximo dia 8 de abril, entre as 10h30 e as 13h00, o Sal\u00e3o Nobre da Fernando Pessoa acolher\u00e1 o F\u00f3rum &#8220;La mirada presidencial del Mercosur en la actual conjuntura mundial\u201d, organizado pelo NELA &#8211; N\u00facleo de Estudos Latino-Americano, cuja diretora \u00e9 a Prof. Doutora Ana Maria Toscano. Este evento incorporar\u00e1 duas atividades &#8211; a [&hellip;]\" \/>\n<meta property=\"og:url\" content=\"https:\/\/www.ufp.pt\/en\/forum-la-mirada-presidencial-del-mercosur-en-la-actual-conjuntura-mundialentrada-livre\/\" \/>\n<meta property=\"og:site_name\" content=\"Universidade Fernando Pessoa\" \/>\n<meta property=\"article:publisher\" content=\"http:\/\/facebook.com\/universidadefernandopessoa\" \/>\n<meta property=\"article:published_time\" content=\"2026-04-06T10:58:49+00:00\" \/>\n<meta property=\"article:modified_time\" content=\"2026-04-07T11:04:51+00:00\" \/>\n<meta property=\"og:image\" content=\"https:\/\/www.ufp.pt\/wp-content\/uploads\/2026\/04\/ForumMercosur_Noticia.png\" \/>\n\t<meta property=\"og:image:width\" content=\"1424\" \/>\n\t<meta property=\"og:image:height\" content=\"748\" \/>\n\t<meta property=\"og:image:type\" content=\"image\/png\" \/>\n<meta name=\"author\" content=\"Joana Sousa\" \/>\n<meta name=\"twitter:card\" content=\"summary_large_image\" \/>\n<meta name=\"twitter:label1\" content=\"Written by\" \/>\n\t<meta name=\"twitter:data1\" content=\"Joana Sousa\" \/>\n\t<meta name=\"twitter:label2\" content=\"Est. reading time\" \/>\n\t<meta name=\"twitter:data2\" content=\"2 minutes\" \/>\n<script type=\"application\/ld+json\" class=\"yoast-schema-graph\">{\"@context\":\"https:\\\/\\\/schema.org\",\"@graph\":[{\"@type\":\"Article\",\"@id\":\"https:\\\/\\\/www.ufp.pt\\\/forum-la-mirada-presidencial-del-mercosur-en-la-actual-conjuntura-mundialentrada-livre\\\/#article\",\"isPartOf\":{\"@id\":\"https:\\\/\\\/www.ufp.pt\\\/forum-la-mirada-presidencial-del-mercosur-en-la-actual-conjuntura-mundialentrada-livre\\\/\"},\"author\":{\"name\":\"Joana Sousa\",\"@id\":\"http:\\\/\\\/new.ufp.pt\\\/#\\\/schema\\\/person\\\/72405de391c60df9a8c800600c643eef\"},\"headline\":\"F\u00f3rum sobre o Mercosul 8 de abril \u2022 Entrada livre\",\"datePublished\":\"2026-04-06T10:58:49+00:00\",\"dateModified\":\"2026-04-07T11:04:51+00:00\",\"mainEntityOfPage\":{\"@id\":\"https:\\\/\\\/www.ufp.pt\\\/forum-la-mirada-presidencial-del-mercosur-en-la-actual-conjuntura-mundialentrada-livre\\\/\"},\"wordCount\":248,\"publisher\":{\"@id\":\"http:\\\/\\\/new.ufp.pt\\\/#organization\"},\"image\":{\"@id\":\"https:\\\/\\\/www.ufp.pt\\\/forum-la-mirada-presidencial-del-mercosur-en-la-actual-conjuntura-mundialentrada-livre\\\/#primaryimage\"},\"thumbnailUrl\":\"https:\\\/\\\/www.ufp.pt\\\/wp-content\\\/uploads\\\/2026\\\/04\\\/ForumMercosur_Noticia.png\",\"articleSection\":[\"Eventos\"],\"inLanguage\":\"en-GB\"},{\"@type\":\"WebPage\",\"@id\":\"https:\\\/\\\/www.ufp.pt\\\/forum-la-mirada-presidencial-del-mercosur-en-la-actual-conjuntura-mundialentrada-livre\\\/\",\"url\":\"https:\\\/\\\/www.ufp.pt\\\/forum-la-mirada-presidencial-del-mercosur-en-la-actual-conjuntura-mundialentrada-livre\\\/\",\"name\":\"F\u00f3rum sobre o Mercosul 8 de abril \u2022 Entrada livre - Universidade Fernando Pessoa\",\"isPartOf\":{\"@id\":\"http:\\\/\\\/new.ufp.pt\\\/#website\"},\"primaryImageOfPage\":{\"@id\":\"https:\\\/\\\/www.ufp.pt\\\/forum-la-mirada-presidencial-del-mercosur-en-la-actual-conjuntura-mundialentrada-livre\\\/#primaryimage\"},\"image\":{\"@id\":\"https:\\\/\\\/www.ufp.pt\\\/forum-la-mirada-presidencial-del-mercosur-en-la-actual-conjuntura-mundialentrada-livre\\\/#primaryimage\"},\"thumbnailUrl\":\"https:\\\/\\\/www.ufp.pt\\\/wp-content\\\/uploads\\\/2026\\\/04\\\/ForumMercosur_Noticia.png\",\"datePublished\":\"2026-04-06T10:58:49+00:00\",\"dateModified\":\"2026-04-07T11:04:51+00:00\",\"breadcrumb\":{\"@id\":\"https:\\\/\\\/www.ufp.pt\\\/forum-la-mirada-presidencial-del-mercosur-en-la-actual-conjuntura-mundialentrada-livre\\\/#breadcrumb\"},\"inLanguage\":\"en-GB\",\"potentialAction\":[{\"@type\":\"ReadAction\",\"target\":[\"https:\\\/\\\/www.ufp.pt\\\/forum-la-mirada-presidencial-del-mercosur-en-la-actual-conjuntura-mundialentrada-livre\\\/\"]}]},{\"@type\":\"ImageObject\",\"inLanguage\":\"en-GB\",\"@id\":\"https:\\\/\\\/www.ufp.pt\\\/forum-la-mirada-presidencial-del-mercosur-en-la-actual-conjuntura-mundialentrada-livre\\\/#primaryimage\",\"url\":\"https:\\\/\\\/www.ufp.pt\\\/wp-content\\\/uploads\\\/2026\\\/04\\\/ForumMercosur_Noticia.png\",\"contentUrl\":\"https:\\\/\\\/www.ufp.pt\\\/wp-content\\\/uploads\\\/2026\\\/04\\\/ForumMercosur_Noticia.png\",\"width\":1424,\"height\":748},{\"@type\":\"BreadcrumbList\",\"@id\":\"https:\\\/\\\/www.ufp.pt\\\/forum-la-mirada-presidencial-del-mercosur-en-la-actual-conjuntura-mundialentrada-livre\\\/#breadcrumb\",\"itemListElement\":[{\"@type\":\"ListItem\",\"position\":1,\"name\":\"UFP\",\"item\":\"https:\\\/\\\/www.ufp.pt\\\/\"},{\"@type\":\"ListItem\",\"position\":2,\"name\":\"F\u00f3rum sobre o Mercosul8 de abril \u2022 Entrada livre\"}]},{\"@type\":\"WebSite\",\"@id\":\"http:\\\/\\\/new.ufp.pt\\\/#website\",\"url\":\"http:\\\/\\\/new.ufp.pt\\\/\",\"name\":\"Universidade Fernando Pessoa\",\"description\":\"\",\"publisher\":{\"@id\":\"http:\\\/\\\/new.ufp.pt\\\/#organization\"},\"potentialAction\":[{\"@type\":\"SearchAction\",\"target\":{\"@type\":\"EntryPoint\",\"urlTemplate\":\"http:\\\/\\\/new.ufp.pt\\\/?s={search_term_string}\"},\"query-input\":{\"@type\":\"PropertyValueSpecification\",\"valueRequired\":true,\"valueName\":\"search_term_string\"}}],\"inLanguage\":\"en-GB\"},{\"@type\":\"Organization\",\"@id\":\"http:\\\/\\\/new.ufp.pt\\\/#organization\",\"name\":\"Universidade Fernando Pessoa\",\"alternateName\":\"UFP\",\"url\":\"http:\\\/\\\/new.ufp.pt\\\/\",\"logo\":{\"@type\":\"ImageObject\",\"inLanguage\":\"en-GB\",\"@id\":\"http:\\\/\\\/new.ufp.pt\\\/#\\\/schema\\\/logo\\\/image\\\/\",\"url\":\"https:\\\/\\\/www.ufp.pt\\\/wp-content\\\/uploads\\\/2025\\\/11\\\/02logo_ufp_site.svg\",\"contentUrl\":\"https:\\\/\\\/www.ufp.pt\\\/wp-content\\\/uploads\\\/2025\\\/11\\\/02logo_ufp_site.svg\",\"width\":1280,\"height\":1280,\"caption\":\"Universidade Fernando Pessoa\"},\"image\":{\"@id\":\"http:\\\/\\\/new.ufp.pt\\\/#\\\/schema\\\/logo\\\/image\\\/\"},\"sameAs\":[\"http:\\\/\\\/facebook.com\\\/universidadefernandopessoa\",\"https:\\\/\\\/www.instagram.com\\\/universidadefernandopessoa\\\/\",\"https:\\\/\\\/www.youtube.com\\\/channel\\\/UCgDBeiAe6LpnSzEQj6-TssA\",\"https:\\\/\\\/pt.linkedin.com\\\/school\\\/universidade-fernando-pessoa\\\/\"]},{\"@type\":\"Person\",\"@id\":\"http:\\\/\\\/new.ufp.pt\\\/#\\\/schema\\\/person\\\/72405de391c60df9a8c800600c643eef\",\"name\":\"Joana Sousa\",\"image\":{\"@type\":\"ImageObject\",\"inLanguage\":\"en-GB\",\"@id\":\"https:\\\/\\\/secure.gravatar.com\\\/avatar\\\/62a68c25a3c49a343e70157d12f788958b57a1bc2b9f97756d7b20a42a87751a?s=96&d=mm&r=g\",\"url\":\"https:\\\/\\\/secure.gravatar.com\\\/avatar\\\/62a68c25a3c49a343e70157d12f788958b57a1bc2b9f97756d7b20a42a87751a?s=96&d=mm&r=g\",\"contentUrl\":\"https:\\\/\\\/secure.gravatar.com\\\/avatar\\\/62a68c25a3c49a343e70157d12f788958b57a1bc2b9f97756d7b20a42a87751a?s=96&d=mm&r=g\",\"caption\":\"Joana Sousa\"},\"url\":\"https:\\\/\\\/www.ufp.pt\\\/en\\\/author\\\/joanagsousa\\\/\"}]}<\/script>\n<!-- \/ Yoast SEO plugin. -->","yoast_head_json":{"title":"F\u00f3rum sobre o Mercosul8 de abril \u2022 Entrada livre - Universidade Fernando Pessoa","robots":{"index":"index","follow":"follow","max-snippet":"max-snippet:-1","max-image-preview":"max-image-preview:large","max-video-preview":"max-video-preview:-1"},"canonical":"https:\/\/www.ufp.pt\/en\/forum-la-mirada-presidencial-del-mercosur-en-la-actual-conjuntura-mundialentrada-livre\/","og_locale":"en_GB","og_type":"article","og_title":"F\u00f3rum sobre o Mercosul8 de abril \u2022 Entrada livre - Universidade Fernando Pessoa","og_description":"No pr\u00f3ximo dia 8 de abril, entre as 10h30 e as 13h00, o Sal\u00e3o Nobre da Fernando Pessoa acolher\u00e1 o F\u00f3rum &#8220;La mirada presidencial del Mercosur en la actual conjuntura mundial\u201d, organizado pelo NELA &#8211; N\u00facleo de Estudos Latino-Americano, cuja diretora \u00e9 a Prof. Doutora Ana Maria Toscano. Este evento incorporar\u00e1 duas atividades &#8211; a [&hellip;]","og_url":"https:\/\/www.ufp.pt\/en\/forum-la-mirada-presidencial-del-mercosur-en-la-actual-conjuntura-mundialentrada-livre\/","og_site_name":"Universidade Fernando Pessoa","article_publisher":"http:\/\/facebook.com\/universidadefernandopessoa","article_published_time":"2026-04-06T10:58:49+00:00","article_modified_time":"2026-04-07T11:04:51+00:00","og_image":[{"width":1424,"height":748,"url":"https:\/\/www.ufp.pt\/wp-content\/uploads\/2026\/04\/ForumMercosur_Noticia.png","type":"image\/png"}],"author":"Joana Sousa","twitter_card":"summary_large_image","twitter_misc":{"Written by":"Joana Sousa","Est. reading time":"2 minutes"},"schema":{"@context":"https:\/\/schema.org","@graph":[{"@type":"Article","@id":"https:\/\/www.ufp.pt\/forum-la-mirada-presidencial-del-mercosur-en-la-actual-conjuntura-mundialentrada-livre\/#article","isPartOf":{"@id":"https:\/\/www.ufp.pt\/forum-la-mirada-presidencial-del-mercosur-en-la-actual-conjuntura-mundialentrada-livre\/"},"author":{"name":"Joana Sousa","@id":"http:\/\/new.ufp.pt\/#\/schema\/person\/72405de391c60df9a8c800600c643eef"},"headline":"F\u00f3rum sobre o Mercosul 8 de abril \u2022 Entrada livre","datePublished":"2026-04-06T10:58:49+00:00","dateModified":"2026-04-07T11:04:51+00:00","mainEntityOfPage":{"@id":"https:\/\/www.ufp.pt\/forum-la-mirada-presidencial-del-mercosur-en-la-actual-conjuntura-mundialentrada-livre\/"},"wordCount":248,"publisher":{"@id":"http:\/\/new.ufp.pt\/#organization"},"image":{"@id":"https:\/\/www.ufp.pt\/forum-la-mirada-presidencial-del-mercosur-en-la-actual-conjuntura-mundialentrada-livre\/#primaryimage"},"thumbnailUrl":"https:\/\/www.ufp.pt\/wp-content\/uploads\/2026\/04\/ForumMercosur_Noticia.png","articleSection":["Eventos"],"inLanguage":"en-GB"},{"@type":"WebPage","@id":"https:\/\/www.ufp.pt\/forum-la-mirada-presidencial-del-mercosur-en-la-actual-conjuntura-mundialentrada-livre\/","url":"https:\/\/www.ufp.pt\/forum-la-mirada-presidencial-del-mercosur-en-la-actual-conjuntura-mundialentrada-livre\/","name":"F\u00f3rum sobre o Mercosul 8 de abril \u2022 Entrada livre - Universidade Fernando Pessoa","isPartOf":{"@id":"http:\/\/new.ufp.pt\/#website"},"primaryImageOfPage":{"@id":"https:\/\/www.ufp.pt\/forum-la-mirada-presidencial-del-mercosur-en-la-actual-conjuntura-mundialentrada-livre\/#primaryimage"},"image":{"@id":"https:\/\/www.ufp.pt\/forum-la-mirada-presidencial-del-mercosur-en-la-actual-conjuntura-mundialentrada-livre\/#primaryimage"},"thumbnailUrl":"https:\/\/www.ufp.pt\/wp-content\/uploads\/2026\/04\/ForumMercosur_Noticia.png","datePublished":"2026-04-06T10:58:49+00:00","dateModified":"2026-04-07T11:04:51+00:00","breadcrumb":{"@id":"https:\/\/www.ufp.pt\/forum-la-mirada-presidencial-del-mercosur-en-la-actual-conjuntura-mundialentrada-livre\/#breadcrumb"},"inLanguage":"en-GB","potentialAction":[{"@type":"ReadAction","target":["https:\/\/www.ufp.pt\/forum-la-mirada-presidencial-del-mercosur-en-la-actual-conjuntura-mundialentrada-livre\/"]}]},{"@type":"ImageObject","inLanguage":"en-GB","@id":"https:\/\/www.ufp.pt\/forum-la-mirada-presidencial-del-mercosur-en-la-actual-conjuntura-mundialentrada-livre\/#primaryimage","url":"https:\/\/www.ufp.pt\/wp-content\/uploads\/2026\/04\/ForumMercosur_Noticia.png","contentUrl":"https:\/\/www.ufp.pt\/wp-content\/uploads\/2026\/04\/ForumMercosur_Noticia.png","width":1424,"height":748},{"@type":"BreadcrumbList","@id":"https:\/\/www.ufp.pt\/forum-la-mirada-presidencial-del-mercosur-en-la-actual-conjuntura-mundialentrada-livre\/#breadcrumb","itemListElement":[{"@type":"ListItem","position":1,"name":"UFP","item":"https:\/\/www.ufp.pt\/"},{"@type":"ListItem","position":2,"name":"F\u00f3rum sobre o Mercosul8 de abril \u2022 Entrada livre"}]},{"@type":"WebSite","@id":"http:\/\/new.ufp.pt\/#website","url":"http:\/\/new.ufp.pt\/","name":"Fernando Pessoa University","description":"","publisher":{"@id":"http:\/\/new.ufp.pt\/#organization"},"potentialAction":[{"@type":"SearchAction","target":{"@type":"EntryPoint","urlTemplate":"http:\/\/new.ufp.pt\/?s={search_term_string}"},"query-input":{"@type":"PropertyValueSpecification","valueRequired":true,"valueName":"search_term_string"}}],"inLanguage":"en-GB"},{"@type":"Organization","@id":"http:\/\/new.ufp.pt\/#organization","name":"Fernando Pessoa University","alternateName":"UFP","url":"http:\/\/new.ufp.pt\/","logo":{"@type":"ImageObject","inLanguage":"en-GB","@id":"http:\/\/new.ufp.pt\/#\/schema\/logo\/image\/","url":"https:\/\/www.ufp.pt\/wp-content\/uploads\/2025\/11\/02logo_ufp_site.svg","contentUrl":"https:\/\/www.ufp.pt\/wp-content\/uploads\/2025\/11\/02logo_ufp_site.svg","width":1280,"height":1280,"caption":"Universidade Fernando Pessoa"},"image":{"@id":"http:\/\/new.ufp.pt\/#\/schema\/logo\/image\/"},"sameAs":["http:\/\/facebook.com\/universidadefernandopessoa","https:\/\/www.instagram.com\/universidadefernandopessoa\/","https:\/\/www.youtube.com\/channel\/UCgDBeiAe6LpnSzEQj6-TssA","https:\/\/pt.linkedin.com\/school\/universidade-fernando-pessoa\/"]},{"@type":"Person","@id":"http:\/\/new.ufp.pt\/#\/schema\/person\/72405de391c60df9a8c800600c643eef","name":"Joana Sousa","image":{"@type":"ImageObject","inLanguage":"en-GB","@id":"https:\/\/secure.gravatar.com\/avatar\/62a68c25a3c49a343e70157d12f788958b57a1bc2b9f97756d7b20a42a87751a?s=96&d=mm&r=g","url":"https:\/\/secure.gravatar.com\/avatar\/62a68c25a3c49a343e70157d12f788958b57a1bc2b9f97756d7b20a42a87751a?s=96&d=mm&r=g","contentUrl":"https:\/\/secure.gravatar.com\/avatar\/62a68c25a3c49a343e70157d12f788958b57a1bc2b9f97756d7b20a42a87751a?s=96&d=mm&r=g","caption":"Joana Sousa"},"url":"https:\/\/www.ufp.pt\/en\/author\/joanagsousa\/"}]}},"_links":{"self":[{"href":"https:\/\/www.ufp.pt\/en\/wp-json\/wp\/v2\/posts\/1051646","targetHints":{"allow":["GET"]}}],"collection":[{"href":"https:\/\/www.ufp.pt\/en\/wp-json\/wp\/v2\/posts"}],"about":[{"href":"https:\/\/www.ufp.pt\/en\/wp-json\/wp\/v2\/types\/post"}],"author":[{"embeddable":true,"href":"https:\/\/www.ufp.pt\/en\/wp-json\/wp\/v2\/users\/14"}],"replies":[{"embeddable":true,"href":"https:\/\/www.ufp.pt\/en\/wp-json\/wp\/v2\/comments?post=1051646"}],"version-history":[{"count":27,"href":"https:\/\/www.ufp.pt\/en\/wp-json\/wp\/v2\/posts\/1051646\/revisions"}],"predecessor-version":[{"id":1052097,"href":"https:\/\/www.ufp.pt\/en\/wp-json\/wp\/v2\/posts\/1051646\/revisions\/1052097"}],"wp:featuredmedia":[{"embeddable":true,"href":"https:\/\/www.ufp.pt\/en\/wp-json\/wp\/v2\/media\/1051566"}],"wp:attachment":[{"href":"https:\/\/www.ufp.pt\/en\/wp-json\/wp\/v2\/media?parent=1051646"}],"wp:term":[{"taxonomy":"category","embeddable":true,"href":"https:\/\/www.ufp.pt\/en\/wp-json\/wp\/v2\/categories?post=1051646"},{"taxonomy":"post_tag","embeddable":true,"href":"https:\/\/www.ufp.pt\/en\/wp-json\/wp\/v2\/tags?post=1051646"}],"curies":[{"name":"wp","href":"https:\/\/api.w.org\/{rel}","templated":true}]}}