{"id":1052116,"date":"2026-04-07T11:55:31","date_gmt":"2026-04-07T11:55:31","guid":{"rendered":"https:\/\/www.ufp.pt\/?p=1052116"},"modified":"2026-04-07T11:56:29","modified_gmt":"2026-04-07T11:56:29","slug":"2a-edicao-do-jean-monnet-module-ira-realizar-se-na-gdansk-university-polonia","status":"publish","type":"post","link":"https:\/\/www.ufp.pt\/en\/2a-edicao-do-jean-monnet-module-ira-realizar-se-na-gdansk-university-polonia\/","title":{"rendered":"The 2nd edition of the Jean Monnet Module will take place at Gdansk University, Poland."},"content":{"rendered":"<div data-elementor-type=\"wp-post\" data-elementor-id=\"1052116\" class=\"elementor elementor-1052116\" data-elementor-post-type=\"post\">\n\t\t\t\t<div class=\"elementor-element elementor-element-0fa216c e-flex e-con-boxed e-con e-parent\" data-id=\"0fa216c\" data-element_type=\"container\" data-e-type=\"container\">\n\t\t\t\t\t<div class=\"e-con-inner\">\n\t\t\t\t<div class=\"elementor-element elementor-element-b2eb8a0 elementor-widget elementor-widget-text-editor\" data-id=\"b2eb8a0\" data-element_type=\"widget\" data-e-type=\"widget\" data-widget_type=\"text-editor.default\">\n\t\t\t\t\t\t\t\t\t<p>Fernando Pessoa University, in partnership with Gdansk University, Poland, and the University of Salamanca, Spain, under the auspices of the European Union, is organizing the second edition of the Jean Monnet Module \u201cEuropean Union&#039;s political statement on Human Rights in the age of Artificial Intelligence\u201d, which this year is taking place at Gdansk University, Poland.<\/p><p>This project addresses the relationship between Artificial Intelligence and Human Rights, analyzing how technological advancement can impact fundamental rights and how the European Union can respond to these challenges. To this end, it promotes activities such as courses, debates, and conferences with participants from various countries.<\/p><p>O <a href=\"https:\/\/jeanmonnetmodule.ufp.edu.pt\/course\" target=\"_blank\" rel=\"noopener\">Course<\/a> The Jean Monnet Module will take place from May 4th to 8th, 2026, and offers an intensive program on the European Union in the Digital Age, focusing on Artificial Intelligence, Human Rights, and technological challenges, through lectures and debates with experts.<\/p><p>A <a href=\"https:\/\/jeanmonnetmodule.ufp.edu.pt\/conference\" target=\"_blank\" rel=\"noopener\">Conference<\/a> It will take place on May 11, 2026, bringing together experts to discuss the relationship between Artificial Intelligence, Human Rights, and European Union policies, promoting debate and the sharing of ideas.<\/p><p>More information at <a href=\"https:\/\/jeanmonnetmodule.ufp.edu.pt\/about\" target=\"_blank\" rel=\"noopener\">https:\/\/jeanmonnetmodule.ufp.edu.pt\/about<\/a>.<\/p>\t\t\t\t\t\t\t\t<\/div>\n\t\t\t\t\t<\/div>\n\t\t\t\t<\/div>\n\t\t\t\t<\/div>","protected":false},"excerpt":{"rendered":"<p>A Universidade Fernando Pessoa em parceria com a Gdansk University, Pol\u00f3nia, e com a Universidad de Salamanca, Espanha, sob a \u00e9gide da Uni\u00e3o Europeia, organiza a segunda edi\u00e7\u00e3o do Jean Monnet Module \u201cEuropean Union&#8217;s political statement on Human Rights in the age of Artificial Intelligence\u201d, que este ano decorre na Gdansk University, Pol\u00f3nia. Este projeto [&hellip;]<\/p>\n","protected":false},"author":14,"featured_media":1052114,"comment_status":"closed","ping_status":"closed","sticky":false,"template":"","format":"standard","meta":{"footnotes":""},"categories":[35],"tags":[],"class_list":["post-1052116","post","type-post","status-publish","format-standard","has-post-thumbnail","hentry","category-eventos"],"yoast_head":"<!-- This site is optimized with the Yoast SEO plugin v27.4 - https:\/\/yoast.com\/product\/yoast-seo-wordpress\/ -->\n<title>2\u00aa Edi\u00e7\u00e3o do Jean Monnet Module ir\u00e1 realizar-se na Gdansk University, Pol\u00f3nia - Universidade Fernando Pessoa<\/title>\n<meta name=\"robots\" content=\"index, follow, max-snippet:-1, max-image-preview:large, max-video-preview:-1\" \/>\n<link rel=\"canonical\" href=\"https:\/\/www.ufp.pt\/en\/2a-edicao-do-jean-monnet-module-ira-realizar-se-na-gdansk-university-polonia\/\" \/>\n<meta property=\"og:locale\" content=\"en_GB\" \/>\n<meta property=\"og:type\" content=\"article\" \/>\n<meta property=\"og:title\" content=\"2\u00aa Edi\u00e7\u00e3o do Jean Monnet Module ir\u00e1 realizar-se na Gdansk University, Pol\u00f3nia - Universidade Fernando Pessoa\" \/>\n<meta property=\"og:description\" content=\"A Universidade Fernando Pessoa em parceria com a Gdansk University, Pol\u00f3nia, e com a Universidad de Salamanca, Espanha, sob a \u00e9gide da Uni\u00e3o Europeia, organiza a segunda edi\u00e7\u00e3o do Jean Monnet Module \u201cEuropean Union&#8217;s political statement on Human Rights in the age of Artificial Intelligence\u201d, que este ano decorre na Gdansk University, Pol\u00f3nia. Este projeto [&hellip;]\" \/>\n<meta property=\"og:url\" content=\"https:\/\/www.ufp.pt\/en\/2a-edicao-do-jean-monnet-module-ira-realizar-se-na-gdansk-university-polonia\/\" \/>\n<meta property=\"og:site_name\" content=\"Universidade Fernando Pessoa\" \/>\n<meta property=\"article:publisher\" content=\"http:\/\/facebook.com\/universidadefernandopessoa\" \/>\n<meta property=\"article:published_time\" content=\"2026-04-07T11:55:31+00:00\" \/>\n<meta property=\"article:modified_time\" content=\"2026-04-07T11:56:29+00:00\" \/>\n<meta property=\"og:image\" content=\"https:\/\/www.ufp.pt\/wp-content\/uploads\/2026\/04\/ProjetoModuleJeanMonet_noticia3.png\" \/>\n\t<meta property=\"og:image:width\" content=\"1424\" \/>\n\t<meta property=\"og:image:height\" content=\"748\" \/>\n\t<meta property=\"og:image:type\" content=\"image\/png\" \/>\n<meta name=\"author\" content=\"Joana Sousa\" \/>\n<meta name=\"twitter:card\" content=\"summary_large_image\" \/>\n<meta name=\"twitter:label1\" content=\"Written by\" \/>\n\t<meta name=\"twitter:data1\" content=\"Joana Sousa\" \/>\n\t<meta name=\"twitter:label2\" content=\"Est. reading time\" \/>\n\t<meta name=\"twitter:data2\" content=\"1 minute\" \/>\n<script type=\"application\/ld+json\" class=\"yoast-schema-graph\">{\"@context\":\"https:\\\/\\\/schema.org\",\"@graph\":[{\"@type\":\"Article\",\"@id\":\"https:\\\/\\\/www.ufp.pt\\\/2a-edicao-do-jean-monnet-module-ira-realizar-se-na-gdansk-university-polonia\\\/#article\",\"isPartOf\":{\"@id\":\"https:\\\/\\\/www.ufp.pt\\\/2a-edicao-do-jean-monnet-module-ira-realizar-se-na-gdansk-university-polonia\\\/\"},\"author\":{\"name\":\"Joana Sousa\",\"@id\":\"http:\\\/\\\/new.ufp.pt\\\/#\\\/schema\\\/person\\\/72405de391c60df9a8c800600c643eef\"},\"headline\":\"2\u00aa Edi\u00e7\u00e3o do Jean Monnet Module ir\u00e1 realizar-se na Gdansk University, Pol\u00f3nia\",\"datePublished\":\"2026-04-07T11:55:31+00:00\",\"dateModified\":\"2026-04-07T11:56:29+00:00\",\"mainEntityOfPage\":{\"@id\":\"https:\\\/\\\/www.ufp.pt\\\/2a-edicao-do-jean-monnet-module-ira-realizar-se-na-gdansk-university-polonia\\\/\"},\"wordCount\":217,\"publisher\":{\"@id\":\"http:\\\/\\\/new.ufp.pt\\\/#organization\"},\"image\":{\"@id\":\"https:\\\/\\\/www.ufp.pt\\\/2a-edicao-do-jean-monnet-module-ira-realizar-se-na-gdansk-university-polonia\\\/#primaryimage\"},\"thumbnailUrl\":\"https:\\\/\\\/www.ufp.pt\\\/wp-content\\\/uploads\\\/2026\\\/04\\\/ProjetoModuleJeanMonet_noticia3.png\",\"articleSection\":[\"Eventos\"],\"inLanguage\":\"en-GB\"},{\"@type\":\"WebPage\",\"@id\":\"https:\\\/\\\/www.ufp.pt\\\/2a-edicao-do-jean-monnet-module-ira-realizar-se-na-gdansk-university-polonia\\\/\",\"url\":\"https:\\\/\\\/www.ufp.pt\\\/2a-edicao-do-jean-monnet-module-ira-realizar-se-na-gdansk-university-polonia\\\/\",\"name\":\"2\u00aa Edi\u00e7\u00e3o do Jean Monnet Module ir\u00e1 realizar-se na Gdansk University, Pol\u00f3nia - Universidade Fernando Pessoa\",\"isPartOf\":{\"@id\":\"http:\\\/\\\/new.ufp.pt\\\/#website\"},\"primaryImageOfPage\":{\"@id\":\"https:\\\/\\\/www.ufp.pt\\\/2a-edicao-do-jean-monnet-module-ira-realizar-se-na-gdansk-university-polonia\\\/#primaryimage\"},\"image\":{\"@id\":\"https:\\\/\\\/www.ufp.pt\\\/2a-edicao-do-jean-monnet-module-ira-realizar-se-na-gdansk-university-polonia\\\/#primaryimage\"},\"thumbnailUrl\":\"https:\\\/\\\/www.ufp.pt\\\/wp-content\\\/uploads\\\/2026\\\/04\\\/ProjetoModuleJeanMonet_noticia3.png\",\"datePublished\":\"2026-04-07T11:55:31+00:00\",\"dateModified\":\"2026-04-07T11:56:29+00:00\",\"breadcrumb\":{\"@id\":\"https:\\\/\\\/www.ufp.pt\\\/2a-edicao-do-jean-monnet-module-ira-realizar-se-na-gdansk-university-polonia\\\/#breadcrumb\"},\"inLanguage\":\"en-GB\",\"potentialAction\":[{\"@type\":\"ReadAction\",\"target\":[\"https:\\\/\\\/www.ufp.pt\\\/2a-edicao-do-jean-monnet-module-ira-realizar-se-na-gdansk-university-polonia\\\/\"]}]},{\"@type\":\"ImageObject\",\"inLanguage\":\"en-GB\",\"@id\":\"https:\\\/\\\/www.ufp.pt\\\/2a-edicao-do-jean-monnet-module-ira-realizar-se-na-gdansk-university-polonia\\\/#primaryimage\",\"url\":\"https:\\\/\\\/www.ufp.pt\\\/wp-content\\\/uploads\\\/2026\\\/04\\\/ProjetoModuleJeanMonet_noticia3.png\",\"contentUrl\":\"https:\\\/\\\/www.ufp.pt\\\/wp-content\\\/uploads\\\/2026\\\/04\\\/ProjetoModuleJeanMonet_noticia3.png\",\"width\":1424,\"height\":748},{\"@type\":\"BreadcrumbList\",\"@id\":\"https:\\\/\\\/www.ufp.pt\\\/2a-edicao-do-jean-monnet-module-ira-realizar-se-na-gdansk-university-polonia\\\/#breadcrumb\",\"itemListElement\":[{\"@type\":\"ListItem\",\"position\":1,\"name\":\"UFP\",\"item\":\"https:\\\/\\\/www.ufp.pt\\\/\"},{\"@type\":\"ListItem\",\"position\":2,\"name\":\"2\u00aa Edi\u00e7\u00e3o do Jean Monnet Module ir\u00e1 realizar-se na Gdansk University, Pol\u00f3nia\"}]},{\"@type\":\"WebSite\",\"@id\":\"http:\\\/\\\/new.ufp.pt\\\/#website\",\"url\":\"http:\\\/\\\/new.ufp.pt\\\/\",\"name\":\"Universidade Fernando Pessoa\",\"description\":\"\",\"publisher\":{\"@id\":\"http:\\\/\\\/new.ufp.pt\\\/#organization\"},\"potentialAction\":[{\"@type\":\"SearchAction\",\"target\":{\"@type\":\"EntryPoint\",\"urlTemplate\":\"http:\\\/\\\/new.ufp.pt\\\/?s={search_term_string}\"},\"query-input\":{\"@type\":\"PropertyValueSpecification\",\"valueRequired\":true,\"valueName\":\"search_term_string\"}}],\"inLanguage\":\"en-GB\"},{\"@type\":\"Organization\",\"@id\":\"http:\\\/\\\/new.ufp.pt\\\/#organization\",\"name\":\"Universidade Fernando Pessoa\",\"alternateName\":\"UFP\",\"url\":\"http:\\\/\\\/new.ufp.pt\\\/\",\"logo\":{\"@type\":\"ImageObject\",\"inLanguage\":\"en-GB\",\"@id\":\"http:\\\/\\\/new.ufp.pt\\\/#\\\/schema\\\/logo\\\/image\\\/\",\"url\":\"https:\\\/\\\/www.ufp.pt\\\/wp-content\\\/uploads\\\/2025\\\/11\\\/02logo_ufp_site.svg\",\"contentUrl\":\"https:\\\/\\\/www.ufp.pt\\\/wp-content\\\/uploads\\\/2025\\\/11\\\/02logo_ufp_site.svg\",\"width\":1280,\"height\":1280,\"caption\":\"Universidade Fernando Pessoa\"},\"image\":{\"@id\":\"http:\\\/\\\/new.ufp.pt\\\/#\\\/schema\\\/logo\\\/image\\\/\"},\"sameAs\":[\"http:\\\/\\\/facebook.com\\\/universidadefernandopessoa\",\"https:\\\/\\\/www.instagram.com\\\/universidadefernandopessoa\\\/\",\"https:\\\/\\\/www.youtube.com\\\/channel\\\/UCgDBeiAe6LpnSzEQj6-TssA\",\"https:\\\/\\\/pt.linkedin.com\\\/school\\\/universidade-fernando-pessoa\\\/\"]},{\"@type\":\"Person\",\"@id\":\"http:\\\/\\\/new.ufp.pt\\\/#\\\/schema\\\/person\\\/72405de391c60df9a8c800600c643eef\",\"name\":\"Joana Sousa\",\"image\":{\"@type\":\"ImageObject\",\"inLanguage\":\"en-GB\",\"@id\":\"https:\\\/\\\/secure.gravatar.com\\\/avatar\\\/62a68c25a3c49a343e70157d12f788958b57a1bc2b9f97756d7b20a42a87751a?s=96&d=mm&r=g\",\"url\":\"https:\\\/\\\/secure.gravatar.com\\\/avatar\\\/62a68c25a3c49a343e70157d12f788958b57a1bc2b9f97756d7b20a42a87751a?s=96&d=mm&r=g\",\"contentUrl\":\"https:\\\/\\\/secure.gravatar.com\\\/avatar\\\/62a68c25a3c49a343e70157d12f788958b57a1bc2b9f97756d7b20a42a87751a?s=96&d=mm&r=g\",\"caption\":\"Joana Sousa\"},\"url\":\"https:\\\/\\\/www.ufp.pt\\\/en\\\/author\\\/joanagsousa\\\/\"}]}<\/script>\n<!-- \/ Yoast SEO plugin. -->","yoast_head_json":{"title":"2\u00aa Edi\u00e7\u00e3o do Jean Monnet Module ir\u00e1 realizar-se na Gdansk University, Pol\u00f3nia - Universidade Fernando Pessoa","robots":{"index":"index","follow":"follow","max-snippet":"max-snippet:-1","max-image-preview":"max-image-preview:large","max-video-preview":"max-video-preview:-1"},"canonical":"https:\/\/www.ufp.pt\/en\/2a-edicao-do-jean-monnet-module-ira-realizar-se-na-gdansk-university-polonia\/","og_locale":"en_GB","og_type":"article","og_title":"2\u00aa Edi\u00e7\u00e3o do Jean Monnet Module ir\u00e1 realizar-se na Gdansk University, Pol\u00f3nia - Universidade Fernando Pessoa","og_description":"A Universidade Fernando Pessoa em parceria com a Gdansk University, Pol\u00f3nia, e com a Universidad de Salamanca, Espanha, sob a \u00e9gide da Uni\u00e3o Europeia, organiza a segunda edi\u00e7\u00e3o do Jean Monnet Module \u201cEuropean Union&#8217;s political statement on Human Rights in the age of Artificial Intelligence\u201d, que este ano decorre na Gdansk University, Pol\u00f3nia. Este projeto [&hellip;]","og_url":"https:\/\/www.ufp.pt\/en\/2a-edicao-do-jean-monnet-module-ira-realizar-se-na-gdansk-university-polonia\/","og_site_name":"Universidade Fernando Pessoa","article_publisher":"http:\/\/facebook.com\/universidadefernandopessoa","article_published_time":"2026-04-07T11:55:31+00:00","article_modified_time":"2026-04-07T11:56:29+00:00","og_image":[{"width":1424,"height":748,"url":"https:\/\/www.ufp.pt\/wp-content\/uploads\/2026\/04\/ProjetoModuleJeanMonet_noticia3.png","type":"image\/png"}],"author":"Joana Sousa","twitter_card":"summary_large_image","twitter_misc":{"Written by":"Joana Sousa","Est. reading time":"1 minute"},"schema":{"@context":"https:\/\/schema.org","@graph":[{"@type":"Article","@id":"https:\/\/www.ufp.pt\/2a-edicao-do-jean-monnet-module-ira-realizar-se-na-gdansk-university-polonia\/#article","isPartOf":{"@id":"https:\/\/www.ufp.pt\/2a-edicao-do-jean-monnet-module-ira-realizar-se-na-gdansk-university-polonia\/"},"author":{"name":"Joana Sousa","@id":"http:\/\/new.ufp.pt\/#\/schema\/person\/72405de391c60df9a8c800600c643eef"},"headline":"2\u00aa Edi\u00e7\u00e3o do Jean Monnet Module ir\u00e1 realizar-se na Gdansk University, Pol\u00f3nia","datePublished":"2026-04-07T11:55:31+00:00","dateModified":"2026-04-07T11:56:29+00:00","mainEntityOfPage":{"@id":"https:\/\/www.ufp.pt\/2a-edicao-do-jean-monnet-module-ira-realizar-se-na-gdansk-university-polonia\/"},"wordCount":217,"publisher":{"@id":"http:\/\/new.ufp.pt\/#organization"},"image":{"@id":"https:\/\/www.ufp.pt\/2a-edicao-do-jean-monnet-module-ira-realizar-se-na-gdansk-university-polonia\/#primaryimage"},"thumbnailUrl":"https:\/\/www.ufp.pt\/wp-content\/uploads\/2026\/04\/ProjetoModuleJeanMonet_noticia3.png","articleSection":["Eventos"],"inLanguage":"en-GB"},{"@type":"WebPage","@id":"https:\/\/www.ufp.pt\/2a-edicao-do-jean-monnet-module-ira-realizar-se-na-gdansk-university-polonia\/","url":"https:\/\/www.ufp.pt\/2a-edicao-do-jean-monnet-module-ira-realizar-se-na-gdansk-university-polonia\/","name":"2\u00aa Edi\u00e7\u00e3o do Jean Monnet Module ir\u00e1 realizar-se na Gdansk University, Pol\u00f3nia - Universidade Fernando Pessoa","isPartOf":{"@id":"http:\/\/new.ufp.pt\/#website"},"primaryImageOfPage":{"@id":"https:\/\/www.ufp.pt\/2a-edicao-do-jean-monnet-module-ira-realizar-se-na-gdansk-university-polonia\/#primaryimage"},"image":{"@id":"https:\/\/www.ufp.pt\/2a-edicao-do-jean-monnet-module-ira-realizar-se-na-gdansk-university-polonia\/#primaryimage"},"thumbnailUrl":"https:\/\/www.ufp.pt\/wp-content\/uploads\/2026\/04\/ProjetoModuleJeanMonet_noticia3.png","datePublished":"2026-04-07T11:55:31+00:00","dateModified":"2026-04-07T11:56:29+00:00","breadcrumb":{"@id":"https:\/\/www.ufp.pt\/2a-edicao-do-jean-monnet-module-ira-realizar-se-na-gdansk-university-polonia\/#breadcrumb"},"inLanguage":"en-GB","potentialAction":[{"@type":"ReadAction","target":["https:\/\/www.ufp.pt\/2a-edicao-do-jean-monnet-module-ira-realizar-se-na-gdansk-university-polonia\/"]}]},{"@type":"ImageObject","inLanguage":"en-GB","@id":"https:\/\/www.ufp.pt\/2a-edicao-do-jean-monnet-module-ira-realizar-se-na-gdansk-university-polonia\/#primaryimage","url":"https:\/\/www.ufp.pt\/wp-content\/uploads\/2026\/04\/ProjetoModuleJeanMonet_noticia3.png","contentUrl":"https:\/\/www.ufp.pt\/wp-content\/uploads\/2026\/04\/ProjetoModuleJeanMonet_noticia3.png","width":1424,"height":748},{"@type":"BreadcrumbList","@id":"https:\/\/www.ufp.pt\/2a-edicao-do-jean-monnet-module-ira-realizar-se-na-gdansk-university-polonia\/#breadcrumb","itemListElement":[{"@type":"ListItem","position":1,"name":"UFP","item":"https:\/\/www.ufp.pt\/"},{"@type":"ListItem","position":2,"name":"2\u00aa Edi\u00e7\u00e3o do Jean Monnet Module ir\u00e1 realizar-se na Gdansk University, Pol\u00f3nia"}]},{"@type":"WebSite","@id":"http:\/\/new.ufp.pt\/#website","url":"http:\/\/new.ufp.pt\/","name":"Fernando Pessoa University","description":"","publisher":{"@id":"http:\/\/new.ufp.pt\/#organization"},"potentialAction":[{"@type":"SearchAction","target":{"@type":"EntryPoint","urlTemplate":"http:\/\/new.ufp.pt\/?s={search_term_string}"},"query-input":{"@type":"PropertyValueSpecification","valueRequired":true,"valueName":"search_term_string"}}],"inLanguage":"en-GB"},{"@type":"Organization","@id":"http:\/\/new.ufp.pt\/#organization","name":"Fernando Pessoa University","alternateName":"UFP","url":"http:\/\/new.ufp.pt\/","logo":{"@type":"ImageObject","inLanguage":"en-GB","@id":"http:\/\/new.ufp.pt\/#\/schema\/logo\/image\/","url":"https:\/\/www.ufp.pt\/wp-content\/uploads\/2025\/11\/02logo_ufp_site.svg","contentUrl":"https:\/\/www.ufp.pt\/wp-content\/uploads\/2025\/11\/02logo_ufp_site.svg","width":1280,"height":1280,"caption":"Universidade Fernando Pessoa"},"image":{"@id":"http:\/\/new.ufp.pt\/#\/schema\/logo\/image\/"},"sameAs":["http:\/\/facebook.com\/universidadefernandopessoa","https:\/\/www.instagram.com\/universidadefernandopessoa\/","https:\/\/www.youtube.com\/channel\/UCgDBeiAe6LpnSzEQj6-TssA","https:\/\/pt.linkedin.com\/school\/universidade-fernando-pessoa\/"]},{"@type":"Person","@id":"http:\/\/new.ufp.pt\/#\/schema\/person\/72405de391c60df9a8c800600c643eef","name":"Joana Sousa","image":{"@type":"ImageObject","inLanguage":"en-GB","@id":"https:\/\/secure.gravatar.com\/avatar\/62a68c25a3c49a343e70157d12f788958b57a1bc2b9f97756d7b20a42a87751a?s=96&d=mm&r=g","url":"https:\/\/secure.gravatar.com\/avatar\/62a68c25a3c49a343e70157d12f788958b57a1bc2b9f97756d7b20a42a87751a?s=96&d=mm&r=g","contentUrl":"https:\/\/secure.gravatar.com\/avatar\/62a68c25a3c49a343e70157d12f788958b57a1bc2b9f97756d7b20a42a87751a?s=96&d=mm&r=g","caption":"Joana Sousa"},"url":"https:\/\/www.ufp.pt\/en\/author\/joanagsousa\/"}]}},"_links":{"self":[{"href":"https:\/\/www.ufp.pt\/en\/wp-json\/wp\/v2\/posts\/1052116","targetHints":{"allow":["GET"]}}],"collection":[{"href":"https:\/\/www.ufp.pt\/en\/wp-json\/wp\/v2\/posts"}],"about":[{"href":"https:\/\/www.ufp.pt\/en\/wp-json\/wp\/v2\/types\/post"}],"author":[{"embeddable":true,"href":"https:\/\/www.ufp.pt\/en\/wp-json\/wp\/v2\/users\/14"}],"replies":[{"embeddable":true,"href":"https:\/\/www.ufp.pt\/en\/wp-json\/wp\/v2\/comments?post=1052116"}],"version-history":[{"count":15,"href":"https:\/\/www.ufp.pt\/en\/wp-json\/wp\/v2\/posts\/1052116\/revisions"}],"predecessor-version":[{"id":1052139,"href":"https:\/\/www.ufp.pt\/en\/wp-json\/wp\/v2\/posts\/1052116\/revisions\/1052139"}],"wp:featuredmedia":[{"embeddable":true,"href":"https:\/\/www.ufp.pt\/en\/wp-json\/wp\/v2\/media\/1052114"}],"wp:attachment":[{"href":"https:\/\/www.ufp.pt\/en\/wp-json\/wp\/v2\/media?parent=1052116"}],"wp:term":[{"taxonomy":"category","embeddable":true,"href":"https:\/\/www.ufp.pt\/en\/wp-json\/wp\/v2\/categories?post=1052116"},{"taxonomy":"post_tag","embeddable":true,"href":"https:\/\/www.ufp.pt\/en\/wp-json\/wp\/v2\/tags?post=1052116"}],"curies":[{"name":"wp","href":"https:\/\/api.w.org\/{rel}","templated":true}]}}