{"id":1052229,"date":"2026-04-07T17:20:29","date_gmt":"2026-04-07T17:20:29","guid":{"rendered":"https:\/\/www.ufp.pt\/?p=1052229"},"modified":"2026-04-18T16:42:03","modified_gmt":"2026-04-18T16:42:03","slug":"vii-jornadas-do-centro-de-estudos-em-ciencia-animal10-de-abril-auditorio-da-trofa-saude","status":"publish","type":"post","link":"https:\/\/www.ufp.pt\/en\/vii-jornadas-do-centro-de-estudos-em-ciencia-animal10-de-abril-auditorio-da-trofa-saude\/","title":{"rendered":"CECA organizes its VII Conference<br>in the auditorium of Trofa Sa\u00fade \u2013 Hospital Fernando Pessoa<br><small>April 10th<\/small>"},"content":{"rendered":"<div data-elementor-type=\"wp-post\" data-elementor-id=\"1052229\" class=\"elementor elementor-1052229\" data-elementor-post-type=\"post\">\n\t\t\t\t<div class=\"elementor-element elementor-element-b2dbdac e-flex e-con-boxed e-con e-parent\" data-id=\"b2dbdac\" data-element_type=\"container\" data-e-type=\"container\">\n\t\t\t\t\t<div class=\"e-con-inner\">\n\t\t\t\t<div class=\"elementor-element elementor-element-8b52642 elementor-widget elementor-widget-text-editor\" data-id=\"8b52642\" data-element_type=\"widget\" data-e-type=\"widget\" data-widget_type=\"text-editor.default\">\n\t\t\t\t\t\t\t\t\t<p>The 7th Conference of the Center for Studies in Animal Science (CECA) constitutes a meeting space dedicated to promoting scientific research and sharing knowledge in an area of growing relevance to global health. CECA, a multidisciplinary unit, guides its activity by the One Health principle, promoting the articulation between human and veterinary medicine with the aim of protecting public health.<\/p><p>In this context, the Conference highlights the work developed in the areas of microbiology, immunology, pathology, oncology and genetics, addressing topics such as zoonoses, antibiotic resistance, tissue regeneration and metabolic diseases. The initiative aims, therefore, to foster scientific dialogue, stimulate innovation and strengthen the link between research and practice.<\/p><p><strong>Participation:<\/strong><br \/>Participation is free, but prior registration is required via email: <a href=\"mailto:coordenacao.exec.emcb@ufp.edu.pt\" target=\"_blank\" rel=\"noopener\">coordenacao.exec.emcb@ufp.edu.pt<\/a><\/p><p><strong>Notice:<\/strong><br \/>Participation from the academic community is planned only during the morning, with the afternoon dedicated to more technical and internal sessions.<\/p><p><strong>PROGRAM<\/strong><\/p><p>9:00 AM \u2013 Opening Session<\/p><p>Eug\u00e9nio Campos Ferreira, Rector of the Fernando Pessoa University<br \/>Salvato Trigo, President of the Fernando Pessoa Foundation<br \/>Baltazar de Castro, President of the Institute of Sciences, Technologies and Agro-environment of the University of Porto<br \/>L\u00facio Lara Santos, Director of the School of Medicine and Biomedical Sciences at UFP<br \/>Pedro Ferraz, Administrator of the Fernando Pessoa Teaching Hospital \/ Trofa Sa\u00fade<br \/>Fernando de Almeida, President of the National Institute of Health Dr. Ricardo Jorge<br \/>Jos\u00e9 Manuel Correia da Costa, Scientific Coordinator of CECA<\/p><p>10:00 AM \u2013 Presentations by the Leaders of CECA Research and Innovation Groups \u2013 Part I<\/p><p>Sandra Catarina Alves<br \/>Fatima Amaro<br \/>Presentation of the CECA Research Unit \u2013 Jos\u00e9 Manuel Correia da Costa<\/p><p>10:45 am \u2013 11:15 am \u2013 Coffee break<\/p><p>11:15 AM \u2013 Presentations by the Leaders of CECA Research and Innovation Groups \u2013 Part II<\/p><p>Tiago Guimar\u00e3es<br \/>Andr\u00e9 Almeida<br \/>Jos\u00e9 Manuel Correia da Costa<\/p><p>1:00 PM \u2013 2:00 PM \u2013 Lunch<\/p><p>2:00 PM \u2013 Presentations by the Leaders of CECA Research and Innovation Groups \u2013 Part III<\/p><p>Ana Teresa Sanches Silva<\/p><p>2:30 PM \u2013 UID Restructuring \u2013 Opportunities and Challenges<\/p><p>3:00 pm \u2013 3:30 pm \u2013 Coffee break<\/p><p>3:30 PM \u2013 Meeting of the CECA Executive Council<\/p><p>5:00 PM \u2013 Closing Session<\/p>\t\t\t\t\t\t\t\t<\/div>\n\t\t\t\t\t<\/div>\n\t\t\t\t<\/div>\n\t\t\t\t<\/div>","protected":false},"excerpt":{"rendered":"<p>As VII Jornadas do Centro de Estudos em Ci\u00eancia Animal (CECA) constituem um espa\u00e7o de encontro dedicado \u00e0 promo\u00e7\u00e3o da investiga\u00e7\u00e3o cient\u00edfica e \u00e0 partilha de conhecimento numa \u00e1rea de crescente relev\u00e2ncia para a sa\u00fade global. O CECA, unidade multidisciplinar orienta a sua atividade pelo princ\u00edpio One Health, promovendo a articula\u00e7\u00e3o entre a medicina humana [&hellip;]<\/p>\n","protected":false},"author":5,"featured_media":1052374,"comment_status":"closed","ping_status":"closed","sticky":false,"template":"","format":"standard","meta":{"footnotes":""},"categories":[35],"tags":[],"class_list":["post-1052229","post","type-post","status-publish","format-standard","has-post-thumbnail","hentry","category-eventos"],"yoast_head":"<!-- This site is optimized with the Yoast SEO plugin v27.4 - https:\/\/yoast.com\/product\/yoast-seo-wordpress\/ -->\n<title>CECA organiza as suas VII Jornadasno audit\u00f3rio do Trofa Sa\u00fade - Hospital Fernando Pessoa10 de abril - Universidade Fernando Pessoa<\/title>\n<meta name=\"robots\" content=\"index, follow, max-snippet:-1, max-image-preview:large, max-video-preview:-1\" \/>\n<link rel=\"canonical\" href=\"https:\/\/www.ufp.pt\/en\/vii-jornadas-do-centro-de-estudos-em-ciencia-animal10-de-abril-auditorio-da-trofa-saude\/\" \/>\n<meta property=\"og:locale\" content=\"en_GB\" \/>\n<meta property=\"og:type\" content=\"article\" \/>\n<meta property=\"og:title\" content=\"CECA organiza as suas VII Jornadasno audit\u00f3rio do Trofa Sa\u00fade - Hospital Fernando Pessoa10 de abril - Universidade Fernando Pessoa\" \/>\n<meta property=\"og:description\" content=\"As VII Jornadas do Centro de Estudos em Ci\u00eancia Animal (CECA) constituem um espa\u00e7o de encontro dedicado \u00e0 promo\u00e7\u00e3o da investiga\u00e7\u00e3o cient\u00edfica e \u00e0 partilha de conhecimento numa \u00e1rea de crescente relev\u00e2ncia para a sa\u00fade global. O CECA, unidade multidisciplinar orienta a sua atividade pelo princ\u00edpio One Health, promovendo a articula\u00e7\u00e3o entre a medicina humana [&hellip;]\" \/>\n<meta property=\"og:url\" content=\"https:\/\/www.ufp.pt\/en\/vii-jornadas-do-centro-de-estudos-em-ciencia-animal10-de-abril-auditorio-da-trofa-saude\/\" \/>\n<meta property=\"og:site_name\" content=\"Universidade Fernando Pessoa\" \/>\n<meta property=\"article:publisher\" content=\"http:\/\/facebook.com\/universidadefernandopessoa\" \/>\n<meta property=\"article:published_time\" content=\"2026-04-07T17:20:29+00:00\" \/>\n<meta property=\"article:modified_time\" content=\"2026-04-18T16:42:03+00:00\" \/>\n<meta property=\"og:image\" content=\"https:\/\/www.ufp.pt\/wp-content\/uploads\/2026\/04\/CECA_sem_logos.jpg\" \/>\n\t<meta property=\"og:image:width\" content=\"1424\" \/>\n\t<meta property=\"og:image:height\" content=\"748\" \/>\n\t<meta property=\"og:image:type\" content=\"image\/jpeg\" \/>\n<meta name=\"author\" content=\"Paula Dias\" \/>\n<meta name=\"twitter:card\" content=\"summary_large_image\" \/>\n<meta name=\"twitter:label1\" content=\"Written by\" \/>\n\t<meta name=\"twitter:data1\" content=\"Paula Dias\" \/>\n\t<meta name=\"twitter:label2\" content=\"Est. reading time\" \/>\n\t<meta name=\"twitter:data2\" content=\"2 minutes\" \/>\n<script type=\"application\/ld+json\" class=\"yoast-schema-graph\">{\"@context\":\"https:\\\/\\\/schema.org\",\"@graph\":[{\"@type\":\"Article\",\"@id\":\"https:\\\/\\\/www.ufp.pt\\\/vii-jornadas-do-centro-de-estudos-em-ciencia-animal10-de-abril-auditorio-da-trofa-saude\\\/#article\",\"isPartOf\":{\"@id\":\"https:\\\/\\\/www.ufp.pt\\\/vii-jornadas-do-centro-de-estudos-em-ciencia-animal10-de-abril-auditorio-da-trofa-saude\\\/\"},\"author\":{\"name\":\"Paula Dias\",\"@id\":\"http:\\\/\\\/new.ufp.pt\\\/#\\\/schema\\\/person\\\/505fffaad04b327c9652ceb5b71a84c1\"},\"headline\":\"CECA organiza as suas VII Jornadas no audit\u00f3rio do Trofa Sa\u00fade &#8211; Hospital Fernando Pessoa 10 de abril\",\"datePublished\":\"2026-04-07T17:20:29+00:00\",\"dateModified\":\"2026-04-18T16:42:03+00:00\",\"mainEntityOfPage\":{\"@id\":\"https:\\\/\\\/www.ufp.pt\\\/vii-jornadas-do-centro-de-estudos-em-ciencia-animal10-de-abril-auditorio-da-trofa-saude\\\/\"},\"wordCount\":411,\"publisher\":{\"@id\":\"http:\\\/\\\/new.ufp.pt\\\/#organization\"},\"image\":{\"@id\":\"https:\\\/\\\/www.ufp.pt\\\/vii-jornadas-do-centro-de-estudos-em-ciencia-animal10-de-abril-auditorio-da-trofa-saude\\\/#primaryimage\"},\"thumbnailUrl\":\"https:\\\/\\\/www.ufp.pt\\\/wp-content\\\/uploads\\\/2026\\\/04\\\/CECA_sem_logos.jpg\",\"articleSection\":[\"Eventos\"],\"inLanguage\":\"en-GB\"},{\"@type\":\"WebPage\",\"@id\":\"https:\\\/\\\/www.ufp.pt\\\/vii-jornadas-do-centro-de-estudos-em-ciencia-animal10-de-abril-auditorio-da-trofa-saude\\\/\",\"url\":\"https:\\\/\\\/www.ufp.pt\\\/vii-jornadas-do-centro-de-estudos-em-ciencia-animal10-de-abril-auditorio-da-trofa-saude\\\/\",\"name\":\"CECA organiza as suas VII Jornadas no audit\u00f3rio do Trofa Sa\u00fade - Hospital Fernando Pessoa 10 de abril - Universidade Fernando Pessoa\",\"isPartOf\":{\"@id\":\"http:\\\/\\\/new.ufp.pt\\\/#website\"},\"primaryImageOfPage\":{\"@id\":\"https:\\\/\\\/www.ufp.pt\\\/vii-jornadas-do-centro-de-estudos-em-ciencia-animal10-de-abril-auditorio-da-trofa-saude\\\/#primaryimage\"},\"image\":{\"@id\":\"https:\\\/\\\/www.ufp.pt\\\/vii-jornadas-do-centro-de-estudos-em-ciencia-animal10-de-abril-auditorio-da-trofa-saude\\\/#primaryimage\"},\"thumbnailUrl\":\"https:\\\/\\\/www.ufp.pt\\\/wp-content\\\/uploads\\\/2026\\\/04\\\/CECA_sem_logos.jpg\",\"datePublished\":\"2026-04-07T17:20:29+00:00\",\"dateModified\":\"2026-04-18T16:42:03+00:00\",\"breadcrumb\":{\"@id\":\"https:\\\/\\\/www.ufp.pt\\\/vii-jornadas-do-centro-de-estudos-em-ciencia-animal10-de-abril-auditorio-da-trofa-saude\\\/#breadcrumb\"},\"inLanguage\":\"en-GB\",\"potentialAction\":[{\"@type\":\"ReadAction\",\"target\":[\"https:\\\/\\\/www.ufp.pt\\\/vii-jornadas-do-centro-de-estudos-em-ciencia-animal10-de-abril-auditorio-da-trofa-saude\\\/\"]}]},{\"@type\":\"ImageObject\",\"inLanguage\":\"en-GB\",\"@id\":\"https:\\\/\\\/www.ufp.pt\\\/vii-jornadas-do-centro-de-estudos-em-ciencia-animal10-de-abril-auditorio-da-trofa-saude\\\/#primaryimage\",\"url\":\"https:\\\/\\\/www.ufp.pt\\\/wp-content\\\/uploads\\\/2026\\\/04\\\/CECA_sem_logos.jpg\",\"contentUrl\":\"https:\\\/\\\/www.ufp.pt\\\/wp-content\\\/uploads\\\/2026\\\/04\\\/CECA_sem_logos.jpg\",\"width\":1424,\"height\":748},{\"@type\":\"BreadcrumbList\",\"@id\":\"https:\\\/\\\/www.ufp.pt\\\/vii-jornadas-do-centro-de-estudos-em-ciencia-animal10-de-abril-auditorio-da-trofa-saude\\\/#breadcrumb\",\"itemListElement\":[{\"@type\":\"ListItem\",\"position\":1,\"name\":\"UFP\",\"item\":\"https:\\\/\\\/www.ufp.pt\\\/\"},{\"@type\":\"ListItem\",\"position\":2,\"name\":\"CECA organiza as suas VII Jornadasno audit\u00f3rio do Trofa Sa\u00fade &#8211; Hospital Fernando Pessoa10 de abril\"}]},{\"@type\":\"WebSite\",\"@id\":\"http:\\\/\\\/new.ufp.pt\\\/#website\",\"url\":\"http:\\\/\\\/new.ufp.pt\\\/\",\"name\":\"Universidade Fernando Pessoa\",\"description\":\"\",\"publisher\":{\"@id\":\"http:\\\/\\\/new.ufp.pt\\\/#organization\"},\"potentialAction\":[{\"@type\":\"SearchAction\",\"target\":{\"@type\":\"EntryPoint\",\"urlTemplate\":\"http:\\\/\\\/new.ufp.pt\\\/?s={search_term_string}\"},\"query-input\":{\"@type\":\"PropertyValueSpecification\",\"valueRequired\":true,\"valueName\":\"search_term_string\"}}],\"inLanguage\":\"en-GB\"},{\"@type\":\"Organization\",\"@id\":\"http:\\\/\\\/new.ufp.pt\\\/#organization\",\"name\":\"Universidade Fernando Pessoa\",\"alternateName\":\"UFP\",\"url\":\"http:\\\/\\\/new.ufp.pt\\\/\",\"logo\":{\"@type\":\"ImageObject\",\"inLanguage\":\"en-GB\",\"@id\":\"http:\\\/\\\/new.ufp.pt\\\/#\\\/schema\\\/logo\\\/image\\\/\",\"url\":\"https:\\\/\\\/www.ufp.pt\\\/wp-content\\\/uploads\\\/2025\\\/11\\\/02logo_ufp_site.svg\",\"contentUrl\":\"https:\\\/\\\/www.ufp.pt\\\/wp-content\\\/uploads\\\/2025\\\/11\\\/02logo_ufp_site.svg\",\"width\":1280,\"height\":1280,\"caption\":\"Universidade Fernando Pessoa\"},\"image\":{\"@id\":\"http:\\\/\\\/new.ufp.pt\\\/#\\\/schema\\\/logo\\\/image\\\/\"},\"sameAs\":[\"http:\\\/\\\/facebook.com\\\/universidadefernandopessoa\",\"https:\\\/\\\/www.instagram.com\\\/universidadefernandopessoa\\\/\",\"https:\\\/\\\/www.youtube.com\\\/channel\\\/UCgDBeiAe6LpnSzEQj6-TssA\",\"https:\\\/\\\/pt.linkedin.com\\\/school\\\/universidade-fernando-pessoa\\\/\"]},{\"@type\":\"Person\",\"@id\":\"http:\\\/\\\/new.ufp.pt\\\/#\\\/schema\\\/person\\\/505fffaad04b327c9652ceb5b71a84c1\",\"name\":\"Paula Dias\",\"image\":{\"@type\":\"ImageObject\",\"inLanguage\":\"en-GB\",\"@id\":\"https:\\\/\\\/secure.gravatar.com\\\/avatar\\\/b620438bf6048b08e4e20dd6ad070f6fd026035c7def1304a898dab833b5b714?s=96&d=mm&r=g\",\"url\":\"https:\\\/\\\/secure.gravatar.com\\\/avatar\\\/b620438bf6048b08e4e20dd6ad070f6fd026035c7def1304a898dab833b5b714?s=96&d=mm&r=g\",\"contentUrl\":\"https:\\\/\\\/secure.gravatar.com\\\/avatar\\\/b620438bf6048b08e4e20dd6ad070f6fd026035c7def1304a898dab833b5b714?s=96&d=mm&r=g\",\"caption\":\"Paula Dias\"},\"url\":\"https:\\\/\\\/www.ufp.pt\\\/en\\\/author\\\/pdias\\\/\"}]}<\/script>\n<!-- \/ Yoast SEO plugin. -->","yoast_head_json":{"title":"CECA organiza as suas VII Jornadasno audit\u00f3rio do Trofa Sa\u00fade - Hospital Fernando Pessoa10 de abril - Universidade Fernando Pessoa","robots":{"index":"index","follow":"follow","max-snippet":"max-snippet:-1","max-image-preview":"max-image-preview:large","max-video-preview":"max-video-preview:-1"},"canonical":"https:\/\/www.ufp.pt\/en\/vii-jornadas-do-centro-de-estudos-em-ciencia-animal10-de-abril-auditorio-da-trofa-saude\/","og_locale":"en_GB","og_type":"article","og_title":"CECA organiza as suas VII Jornadasno audit\u00f3rio do Trofa Sa\u00fade - Hospital Fernando Pessoa10 de abril - Universidade Fernando Pessoa","og_description":"As VII Jornadas do Centro de Estudos em Ci\u00eancia Animal (CECA) constituem um espa\u00e7o de encontro dedicado \u00e0 promo\u00e7\u00e3o da investiga\u00e7\u00e3o cient\u00edfica e \u00e0 partilha de conhecimento numa \u00e1rea de crescente relev\u00e2ncia para a sa\u00fade global. O CECA, unidade multidisciplinar orienta a sua atividade pelo princ\u00edpio One Health, promovendo a articula\u00e7\u00e3o entre a medicina humana [&hellip;]","og_url":"https:\/\/www.ufp.pt\/en\/vii-jornadas-do-centro-de-estudos-em-ciencia-animal10-de-abril-auditorio-da-trofa-saude\/","og_site_name":"Universidade Fernando Pessoa","article_publisher":"http:\/\/facebook.com\/universidadefernandopessoa","article_published_time":"2026-04-07T17:20:29+00:00","article_modified_time":"2026-04-18T16:42:03+00:00","og_image":[{"width":1424,"height":748,"url":"https:\/\/www.ufp.pt\/wp-content\/uploads\/2026\/04\/CECA_sem_logos.jpg","type":"image\/jpeg"}],"author":"Paula Dias","twitter_card":"summary_large_image","twitter_misc":{"Written by":"Paula Dias","Est. reading time":"2 minutes"},"schema":{"@context":"https:\/\/schema.org","@graph":[{"@type":"Article","@id":"https:\/\/www.ufp.pt\/vii-jornadas-do-centro-de-estudos-em-ciencia-animal10-de-abril-auditorio-da-trofa-saude\/#article","isPartOf":{"@id":"https:\/\/www.ufp.pt\/vii-jornadas-do-centro-de-estudos-em-ciencia-animal10-de-abril-auditorio-da-trofa-saude\/"},"author":{"name":"Paula Dias","@id":"http:\/\/new.ufp.pt\/#\/schema\/person\/505fffaad04b327c9652ceb5b71a84c1"},"headline":"CECA organiza as suas VII Jornadas no audit\u00f3rio do Trofa Sa\u00fade &#8211; Hospital Fernando Pessoa 10 de abril","datePublished":"2026-04-07T17:20:29+00:00","dateModified":"2026-04-18T16:42:03+00:00","mainEntityOfPage":{"@id":"https:\/\/www.ufp.pt\/vii-jornadas-do-centro-de-estudos-em-ciencia-animal10-de-abril-auditorio-da-trofa-saude\/"},"wordCount":411,"publisher":{"@id":"http:\/\/new.ufp.pt\/#organization"},"image":{"@id":"https:\/\/www.ufp.pt\/vii-jornadas-do-centro-de-estudos-em-ciencia-animal10-de-abril-auditorio-da-trofa-saude\/#primaryimage"},"thumbnailUrl":"https:\/\/www.ufp.pt\/wp-content\/uploads\/2026\/04\/CECA_sem_logos.jpg","articleSection":["Eventos"],"inLanguage":"en-GB"},{"@type":"WebPage","@id":"https:\/\/www.ufp.pt\/vii-jornadas-do-centro-de-estudos-em-ciencia-animal10-de-abril-auditorio-da-trofa-saude\/","url":"https:\/\/www.ufp.pt\/vii-jornadas-do-centro-de-estudos-em-ciencia-animal10-de-abril-auditorio-da-trofa-saude\/","name":"CECA organiza as suas VII Jornadas no audit\u00f3rio do Trofa Sa\u00fade - Hospital Fernando Pessoa 10 de abril - Universidade Fernando Pessoa","isPartOf":{"@id":"http:\/\/new.ufp.pt\/#website"},"primaryImageOfPage":{"@id":"https:\/\/www.ufp.pt\/vii-jornadas-do-centro-de-estudos-em-ciencia-animal10-de-abril-auditorio-da-trofa-saude\/#primaryimage"},"image":{"@id":"https:\/\/www.ufp.pt\/vii-jornadas-do-centro-de-estudos-em-ciencia-animal10-de-abril-auditorio-da-trofa-saude\/#primaryimage"},"thumbnailUrl":"https:\/\/www.ufp.pt\/wp-content\/uploads\/2026\/04\/CECA_sem_logos.jpg","datePublished":"2026-04-07T17:20:29+00:00","dateModified":"2026-04-18T16:42:03+00:00","breadcrumb":{"@id":"https:\/\/www.ufp.pt\/vii-jornadas-do-centro-de-estudos-em-ciencia-animal10-de-abril-auditorio-da-trofa-saude\/#breadcrumb"},"inLanguage":"en-GB","potentialAction":[{"@type":"ReadAction","target":["https:\/\/www.ufp.pt\/vii-jornadas-do-centro-de-estudos-em-ciencia-animal10-de-abril-auditorio-da-trofa-saude\/"]}]},{"@type":"ImageObject","inLanguage":"en-GB","@id":"https:\/\/www.ufp.pt\/vii-jornadas-do-centro-de-estudos-em-ciencia-animal10-de-abril-auditorio-da-trofa-saude\/#primaryimage","url":"https:\/\/www.ufp.pt\/wp-content\/uploads\/2026\/04\/CECA_sem_logos.jpg","contentUrl":"https:\/\/www.ufp.pt\/wp-content\/uploads\/2026\/04\/CECA_sem_logos.jpg","width":1424,"height":748},{"@type":"BreadcrumbList","@id":"https:\/\/www.ufp.pt\/vii-jornadas-do-centro-de-estudos-em-ciencia-animal10-de-abril-auditorio-da-trofa-saude\/#breadcrumb","itemListElement":[{"@type":"ListItem","position":1,"name":"UFP","item":"https:\/\/www.ufp.pt\/"},{"@type":"ListItem","position":2,"name":"CECA organiza as suas VII Jornadasno audit\u00f3rio do Trofa Sa\u00fade &#8211; Hospital Fernando Pessoa10 de abril"}]},{"@type":"WebSite","@id":"http:\/\/new.ufp.pt\/#website","url":"http:\/\/new.ufp.pt\/","name":"Fernando Pessoa University","description":"","publisher":{"@id":"http:\/\/new.ufp.pt\/#organization"},"potentialAction":[{"@type":"SearchAction","target":{"@type":"EntryPoint","urlTemplate":"http:\/\/new.ufp.pt\/?s={search_term_string}"},"query-input":{"@type":"PropertyValueSpecification","valueRequired":true,"valueName":"search_term_string"}}],"inLanguage":"en-GB"},{"@type":"Organization","@id":"http:\/\/new.ufp.pt\/#organization","name":"Fernando Pessoa University","alternateName":"UFP","url":"http:\/\/new.ufp.pt\/","logo":{"@type":"ImageObject","inLanguage":"en-GB","@id":"http:\/\/new.ufp.pt\/#\/schema\/logo\/image\/","url":"https:\/\/www.ufp.pt\/wp-content\/uploads\/2025\/11\/02logo_ufp_site.svg","contentUrl":"https:\/\/www.ufp.pt\/wp-content\/uploads\/2025\/11\/02logo_ufp_site.svg","width":1280,"height":1280,"caption":"Universidade Fernando Pessoa"},"image":{"@id":"http:\/\/new.ufp.pt\/#\/schema\/logo\/image\/"},"sameAs":["http:\/\/facebook.com\/universidadefernandopessoa","https:\/\/www.instagram.com\/universidadefernandopessoa\/","https:\/\/www.youtube.com\/channel\/UCgDBeiAe6LpnSzEQj6-TssA","https:\/\/pt.linkedin.com\/school\/universidade-fernando-pessoa\/"]},{"@type":"Person","@id":"http:\/\/new.ufp.pt\/#\/schema\/person\/505fffaad04b327c9652ceb5b71a84c1","name":"Paula Dias","image":{"@type":"ImageObject","inLanguage":"en-GB","@id":"https:\/\/secure.gravatar.com\/avatar\/b620438bf6048b08e4e20dd6ad070f6fd026035c7def1304a898dab833b5b714?s=96&d=mm&r=g","url":"https:\/\/secure.gravatar.com\/avatar\/b620438bf6048b08e4e20dd6ad070f6fd026035c7def1304a898dab833b5b714?s=96&d=mm&r=g","contentUrl":"https:\/\/secure.gravatar.com\/avatar\/b620438bf6048b08e4e20dd6ad070f6fd026035c7def1304a898dab833b5b714?s=96&d=mm&r=g","caption":"Paula Dias"},"url":"https:\/\/www.ufp.pt\/en\/author\/pdias\/"}]}},"_links":{"self":[{"href":"https:\/\/www.ufp.pt\/en\/wp-json\/wp\/v2\/posts\/1052229","targetHints":{"allow":["GET"]}}],"collection":[{"href":"https:\/\/www.ufp.pt\/en\/wp-json\/wp\/v2\/posts"}],"about":[{"href":"https:\/\/www.ufp.pt\/en\/wp-json\/wp\/v2\/types\/post"}],"author":[{"embeddable":true,"href":"https:\/\/www.ufp.pt\/en\/wp-json\/wp\/v2\/users\/5"}],"replies":[{"embeddable":true,"href":"https:\/\/www.ufp.pt\/en\/wp-json\/wp\/v2\/comments?post=1052229"}],"version-history":[{"count":36,"href":"https:\/\/www.ufp.pt\/en\/wp-json\/wp\/v2\/posts\/1052229\/revisions"}],"predecessor-version":[{"id":1052381,"href":"https:\/\/www.ufp.pt\/en\/wp-json\/wp\/v2\/posts\/1052229\/revisions\/1052381"}],"wp:featuredmedia":[{"embeddable":true,"href":"https:\/\/www.ufp.pt\/en\/wp-json\/wp\/v2\/media\/1052374"}],"wp:attachment":[{"href":"https:\/\/www.ufp.pt\/en\/wp-json\/wp\/v2\/media?parent=1052229"}],"wp:term":[{"taxonomy":"category","embeddable":true,"href":"https:\/\/www.ufp.pt\/en\/wp-json\/wp\/v2\/categories?post=1052229"},{"taxonomy":"post_tag","embeddable":true,"href":"https:\/\/www.ufp.pt\/en\/wp-json\/wp\/v2\/tags?post=1052229"}],"curies":[{"name":"wp","href":"https:\/\/api.w.org\/{rel}","templated":true}]}}