{"id":1052350,"date":"2026-04-08T10:36:58","date_gmt":"2026-04-08T10:36:58","guid":{"rendered":"https:\/\/www.ufp.pt\/?p=1052350"},"modified":"2026-04-14T08:28:46","modified_gmt":"2026-04-14T08:28:46","slug":"abertura-de-concurso-para-duas-bolsas-de-investigacao-na-area-das-ciencias-humanas-e-sociais","status":"publish","type":"post","link":"https:\/\/www.ufp.pt\/en\/abertura-de-concurso-para-duas-bolsas-de-investigacao-na-area-das-ciencias-humanas-e-sociais\/","title":{"rendered":"Call for applications for two Research Grants in the field of Humanities and Social Sciences.<br><small>Applications accepted until April 20th.<\/small>"},"content":{"rendered":"<div data-elementor-type=\"wp-post\" data-elementor-id=\"1052350\" class=\"elementor elementor-1052350\" data-elementor-post-type=\"post\">\n\t\t\t\t<div class=\"elementor-element elementor-element-37e9995 e-flex e-con-boxed e-con e-parent\" data-id=\"37e9995\" data-element_type=\"container\" data-e-type=\"container\">\n\t\t\t\t\t<div class=\"e-con-inner\">\n\t\t\t\t<div class=\"elementor-element elementor-element-4a3517f elementor-widget elementor-widget-text-editor\" data-id=\"4a3517f\" data-element_type=\"widget\" data-e-type=\"widget\" data-widget_type=\"text-editor.default\">\n\t\t\t\t\t\t\t\t\t<p>A call for applications is open for two Research Grants (BI), intended for master&#039;s students in the areas of Humanities and Social Sciences, within the scope of the VITIPOL and ATTRACT-PSP research projects.<\/p><p>These initiatives result from a collaboration between OPVC, JusGov and ASPP-PSP, and focus on topics of high social relevance, namely the victimization of PSP officers, its impacts on occupational health and professional performance, as well as the attractiveness, recruitment and career paths of the police force.<\/p><p>The scholarships are for a period of 10 months, on a part-time basis, covering tuition fees at the Fernando Pessoa University, plus a monthly allowance. Scholarship recipients will join research teams, developing activities such as data collection and analysis, review of scientific literature, support for the organization of events, and preparation of technical reports.<\/p><p>The selection process will be based on academic merit and the suitability of the candidate&#039;s profile for the duties to be performed.<\/p><p>Applications are open until the day<strong> April 20, 2026.<br \/><\/strong>For more information regarding conditions, requirements, and necessary documentation, please consult the complete notice. <a href=\"https:\/\/www.ufp.pt\/wp-content\/uploads\/2026\/04\/DIVULGACAO-Concurso-para-duas-Bolsas-de-Investigacao.pdf\" target=\"_blank\" rel=\"noopener\">here<\/a><\/p><p>Send an email to: <a href=\"mailto:rlmaia@ufp.edu.pt\" target=\"_blank\" rel=\"noopener\">rlmaia@ufp.edu.pt<\/a><\/p>\t\t\t\t\t\t\t\t<\/div>\n\t\t\t\t\t<\/div>\n\t\t\t\t<\/div>\n\t\t\t\t<\/div>","protected":false},"excerpt":{"rendered":"<p>Encontra-se aberto concurso para a atribui\u00e7\u00e3o de duas Bolsas de Investiga\u00e7\u00e3o (BI), destinadas a estudantes de mestrado nas \u00e1reas de Ci\u00eancias Humanas e Sociais, no \u00e2mbito dos projetos de investiga\u00e7\u00e3o VITIPOL e ATTRACT-PSP. Estas iniciativas resultam de uma colabora\u00e7\u00e3o entre o OPVC, o JusGov e a ASPP-PSP, e incidem sobre tem\u00e1ticas de elevada relev\u00e2ncia social, [&hellip;]<\/p>\n","protected":false},"author":5,"featured_media":1052351,"comment_status":"open","ping_status":"open","sticky":false,"template":"","format":"standard","meta":{"footnotes":""},"categories":[6],"tags":[],"class_list":["post-1052350","post","type-post","status-publish","format-standard","has-post-thumbnail","hentry","category-noticias"],"yoast_head":"<!-- This site is optimized with the Yoast SEO plugin v27.4 - https:\/\/yoast.com\/product\/yoast-seo-wordpress\/ -->\n<title>Abertura de concurso para duas Bolsas de Investiga\u00e7\u00e3o na \u00e1rea das Ci\u00eancias Humanas e SociaisCandidaturas at\u00e9 20 de abril - Universidade Fernando Pessoa<\/title>\n<meta name=\"robots\" content=\"index, follow, max-snippet:-1, max-image-preview:large, max-video-preview:-1\" \/>\n<link rel=\"canonical\" href=\"https:\/\/www.ufp.pt\/en\/abertura-de-concurso-para-duas-bolsas-de-investigacao-na-area-das-ciencias-humanas-e-sociais\/\" \/>\n<meta property=\"og:locale\" content=\"en_GB\" \/>\n<meta property=\"og:type\" content=\"article\" \/>\n<meta property=\"og:title\" content=\"Abertura de concurso para duas Bolsas de Investiga\u00e7\u00e3o na \u00e1rea das Ci\u00eancias Humanas e SociaisCandidaturas at\u00e9 20 de abril - Universidade Fernando Pessoa\" \/>\n<meta property=\"og:description\" content=\"Encontra-se aberto concurso para a atribui\u00e7\u00e3o de duas Bolsas de Investiga\u00e7\u00e3o (BI), destinadas a estudantes de mestrado nas \u00e1reas de Ci\u00eancias Humanas e Sociais, no \u00e2mbito dos projetos de investiga\u00e7\u00e3o VITIPOL e ATTRACT-PSP. Estas iniciativas resultam de uma colabora\u00e7\u00e3o entre o OPVC, o JusGov e a ASPP-PSP, e incidem sobre tem\u00e1ticas de elevada relev\u00e2ncia social, [&hellip;]\" \/>\n<meta property=\"og:url\" content=\"https:\/\/www.ufp.pt\/en\/abertura-de-concurso-para-duas-bolsas-de-investigacao-na-area-das-ciencias-humanas-e-sociais\/\" \/>\n<meta property=\"og:site_name\" content=\"Universidade Fernando Pessoa\" \/>\n<meta property=\"article:publisher\" content=\"http:\/\/facebook.com\/universidadefernandopessoa\" \/>\n<meta property=\"article:published_time\" content=\"2026-04-08T10:36:58+00:00\" \/>\n<meta property=\"article:modified_time\" content=\"2026-04-14T08:28:46+00:00\" \/>\n<meta property=\"og:image\" content=\"https:\/\/www.ufp.pt\/wp-content\/uploads\/2026\/04\/bolsa_de_investigacao_1424x748.png\" \/>\n\t<meta property=\"og:image:width\" content=\"1424\" \/>\n\t<meta property=\"og:image:height\" content=\"748\" \/>\n\t<meta property=\"og:image:type\" content=\"image\/png\" \/>\n<meta name=\"author\" content=\"Paula Dias\" \/>\n<meta name=\"twitter:card\" content=\"summary_large_image\" \/>\n<meta name=\"twitter:label1\" content=\"Written by\" \/>\n\t<meta name=\"twitter:data1\" content=\"Paula Dias\" \/>\n\t<meta name=\"twitter:label2\" content=\"Est. reading time\" \/>\n\t<meta name=\"twitter:data2\" content=\"2 minutes\" \/>\n<script type=\"application\/ld+json\" class=\"yoast-schema-graph\">{\"@context\":\"https:\\\/\\\/schema.org\",\"@graph\":[{\"@type\":\"Article\",\"@id\":\"https:\\\/\\\/www.ufp.pt\\\/abertura-de-concurso-para-duas-bolsas-de-investigacao-na-area-das-ciencias-humanas-e-sociais\\\/#article\",\"isPartOf\":{\"@id\":\"https:\\\/\\\/www.ufp.pt\\\/abertura-de-concurso-para-duas-bolsas-de-investigacao-na-area-das-ciencias-humanas-e-sociais\\\/\"},\"author\":{\"name\":\"Paula Dias\",\"@id\":\"http:\\\/\\\/new.ufp.pt\\\/#\\\/schema\\\/person\\\/505fffaad04b327c9652ceb5b71a84c1\"},\"headline\":\"Abertura de concurso para duas Bolsas de Investiga\u00e7\u00e3o na \u00e1rea das Ci\u00eancias Humanas e Sociais Candidaturas at\u00e9 20 de abril\",\"datePublished\":\"2026-04-08T10:36:58+00:00\",\"dateModified\":\"2026-04-14T08:28:46+00:00\",\"mainEntityOfPage\":{\"@id\":\"https:\\\/\\\/www.ufp.pt\\\/abertura-de-concurso-para-duas-bolsas-de-investigacao-na-area-das-ciencias-humanas-e-sociais\\\/\"},\"wordCount\":234,\"commentCount\":0,\"publisher\":{\"@id\":\"http:\\\/\\\/new.ufp.pt\\\/#organization\"},\"image\":{\"@id\":\"https:\\\/\\\/www.ufp.pt\\\/abertura-de-concurso-para-duas-bolsas-de-investigacao-na-area-das-ciencias-humanas-e-sociais\\\/#primaryimage\"},\"thumbnailUrl\":\"https:\\\/\\\/www.ufp.pt\\\/wp-content\\\/uploads\\\/2026\\\/04\\\/bolsa_de_investigacao_1424x748.png\",\"articleSection\":[\"Not\u00edcias\"],\"inLanguage\":\"en-GB\",\"potentialAction\":[{\"@type\":\"CommentAction\",\"name\":\"Comment\",\"target\":[\"https:\\\/\\\/www.ufp.pt\\\/abertura-de-concurso-para-duas-bolsas-de-investigacao-na-area-das-ciencias-humanas-e-sociais\\\/#respond\"]}]},{\"@type\":\"WebPage\",\"@id\":\"https:\\\/\\\/www.ufp.pt\\\/abertura-de-concurso-para-duas-bolsas-de-investigacao-na-area-das-ciencias-humanas-e-sociais\\\/\",\"url\":\"https:\\\/\\\/www.ufp.pt\\\/abertura-de-concurso-para-duas-bolsas-de-investigacao-na-area-das-ciencias-humanas-e-sociais\\\/\",\"name\":\"Abertura de concurso para duas Bolsas de Investiga\u00e7\u00e3o na \u00e1rea das Ci\u00eancias Humanas e Sociais Candidaturas at\u00e9 20 de abril - Universidade Fernando Pessoa\",\"isPartOf\":{\"@id\":\"http:\\\/\\\/new.ufp.pt\\\/#website\"},\"primaryImageOfPage\":{\"@id\":\"https:\\\/\\\/www.ufp.pt\\\/abertura-de-concurso-para-duas-bolsas-de-investigacao-na-area-das-ciencias-humanas-e-sociais\\\/#primaryimage\"},\"image\":{\"@id\":\"https:\\\/\\\/www.ufp.pt\\\/abertura-de-concurso-para-duas-bolsas-de-investigacao-na-area-das-ciencias-humanas-e-sociais\\\/#primaryimage\"},\"thumbnailUrl\":\"https:\\\/\\\/www.ufp.pt\\\/wp-content\\\/uploads\\\/2026\\\/04\\\/bolsa_de_investigacao_1424x748.png\",\"datePublished\":\"2026-04-08T10:36:58+00:00\",\"dateModified\":\"2026-04-14T08:28:46+00:00\",\"breadcrumb\":{\"@id\":\"https:\\\/\\\/www.ufp.pt\\\/abertura-de-concurso-para-duas-bolsas-de-investigacao-na-area-das-ciencias-humanas-e-sociais\\\/#breadcrumb\"},\"inLanguage\":\"en-GB\",\"potentialAction\":[{\"@type\":\"ReadAction\",\"target\":[\"https:\\\/\\\/www.ufp.pt\\\/abertura-de-concurso-para-duas-bolsas-de-investigacao-na-area-das-ciencias-humanas-e-sociais\\\/\"]}]},{\"@type\":\"ImageObject\",\"inLanguage\":\"en-GB\",\"@id\":\"https:\\\/\\\/www.ufp.pt\\\/abertura-de-concurso-para-duas-bolsas-de-investigacao-na-area-das-ciencias-humanas-e-sociais\\\/#primaryimage\",\"url\":\"https:\\\/\\\/www.ufp.pt\\\/wp-content\\\/uploads\\\/2026\\\/04\\\/bolsa_de_investigacao_1424x748.png\",\"contentUrl\":\"https:\\\/\\\/www.ufp.pt\\\/wp-content\\\/uploads\\\/2026\\\/04\\\/bolsa_de_investigacao_1424x748.png\",\"width\":1424,\"height\":748},{\"@type\":\"BreadcrumbList\",\"@id\":\"https:\\\/\\\/www.ufp.pt\\\/abertura-de-concurso-para-duas-bolsas-de-investigacao-na-area-das-ciencias-humanas-e-sociais\\\/#breadcrumb\",\"itemListElement\":[{\"@type\":\"ListItem\",\"position\":1,\"name\":\"UFP\",\"item\":\"https:\\\/\\\/www.ufp.pt\\\/\"},{\"@type\":\"ListItem\",\"position\":2,\"name\":\"Abertura de concurso para duas Bolsas de Investiga\u00e7\u00e3o na \u00e1rea das Ci\u00eancias Humanas e SociaisCandidaturas at\u00e9 20 de abril\"}]},{\"@type\":\"WebSite\",\"@id\":\"http:\\\/\\\/new.ufp.pt\\\/#website\",\"url\":\"http:\\\/\\\/new.ufp.pt\\\/\",\"name\":\"Universidade Fernando Pessoa\",\"description\":\"\",\"publisher\":{\"@id\":\"http:\\\/\\\/new.ufp.pt\\\/#organization\"},\"potentialAction\":[{\"@type\":\"SearchAction\",\"target\":{\"@type\":\"EntryPoint\",\"urlTemplate\":\"http:\\\/\\\/new.ufp.pt\\\/?s={search_term_string}\"},\"query-input\":{\"@type\":\"PropertyValueSpecification\",\"valueRequired\":true,\"valueName\":\"search_term_string\"}}],\"inLanguage\":\"en-GB\"},{\"@type\":\"Organization\",\"@id\":\"http:\\\/\\\/new.ufp.pt\\\/#organization\",\"name\":\"Universidade Fernando Pessoa\",\"alternateName\":\"UFP\",\"url\":\"http:\\\/\\\/new.ufp.pt\\\/\",\"logo\":{\"@type\":\"ImageObject\",\"inLanguage\":\"en-GB\",\"@id\":\"http:\\\/\\\/new.ufp.pt\\\/#\\\/schema\\\/logo\\\/image\\\/\",\"url\":\"https:\\\/\\\/www.ufp.pt\\\/wp-content\\\/uploads\\\/2025\\\/11\\\/02logo_ufp_site.svg\",\"contentUrl\":\"https:\\\/\\\/www.ufp.pt\\\/wp-content\\\/uploads\\\/2025\\\/11\\\/02logo_ufp_site.svg\",\"width\":1280,\"height\":1280,\"caption\":\"Universidade Fernando Pessoa\"},\"image\":{\"@id\":\"http:\\\/\\\/new.ufp.pt\\\/#\\\/schema\\\/logo\\\/image\\\/\"},\"sameAs\":[\"http:\\\/\\\/facebook.com\\\/universidadefernandopessoa\",\"https:\\\/\\\/www.instagram.com\\\/universidadefernandopessoa\\\/\",\"https:\\\/\\\/www.youtube.com\\\/channel\\\/UCgDBeiAe6LpnSzEQj6-TssA\",\"https:\\\/\\\/pt.linkedin.com\\\/school\\\/universidade-fernando-pessoa\\\/\"]},{\"@type\":\"Person\",\"@id\":\"http:\\\/\\\/new.ufp.pt\\\/#\\\/schema\\\/person\\\/505fffaad04b327c9652ceb5b71a84c1\",\"name\":\"Paula Dias\",\"image\":{\"@type\":\"ImageObject\",\"inLanguage\":\"en-GB\",\"@id\":\"https:\\\/\\\/secure.gravatar.com\\\/avatar\\\/b620438bf6048b08e4e20dd6ad070f6fd026035c7def1304a898dab833b5b714?s=96&d=mm&r=g\",\"url\":\"https:\\\/\\\/secure.gravatar.com\\\/avatar\\\/b620438bf6048b08e4e20dd6ad070f6fd026035c7def1304a898dab833b5b714?s=96&d=mm&r=g\",\"contentUrl\":\"https:\\\/\\\/secure.gravatar.com\\\/avatar\\\/b620438bf6048b08e4e20dd6ad070f6fd026035c7def1304a898dab833b5b714?s=96&d=mm&r=g\",\"caption\":\"Paula Dias\"},\"url\":\"https:\\\/\\\/www.ufp.pt\\\/en\\\/author\\\/pdias\\\/\"}]}<\/script>\n<!-- \/ Yoast SEO plugin. -->","yoast_head_json":{"title":"Abertura de concurso para duas Bolsas de Investiga\u00e7\u00e3o na \u00e1rea das Ci\u00eancias Humanas e SociaisCandidaturas at\u00e9 20 de abril - Universidade Fernando Pessoa","robots":{"index":"index","follow":"follow","max-snippet":"max-snippet:-1","max-image-preview":"max-image-preview:large","max-video-preview":"max-video-preview:-1"},"canonical":"https:\/\/www.ufp.pt\/en\/abertura-de-concurso-para-duas-bolsas-de-investigacao-na-area-das-ciencias-humanas-e-sociais\/","og_locale":"en_GB","og_type":"article","og_title":"Abertura de concurso para duas Bolsas de Investiga\u00e7\u00e3o na \u00e1rea das Ci\u00eancias Humanas e SociaisCandidaturas at\u00e9 20 de abril - Universidade Fernando Pessoa","og_description":"Encontra-se aberto concurso para a atribui\u00e7\u00e3o de duas Bolsas de Investiga\u00e7\u00e3o (BI), destinadas a estudantes de mestrado nas \u00e1reas de Ci\u00eancias Humanas e Sociais, no \u00e2mbito dos projetos de investiga\u00e7\u00e3o VITIPOL e ATTRACT-PSP. Estas iniciativas resultam de uma colabora\u00e7\u00e3o entre o OPVC, o JusGov e a ASPP-PSP, e incidem sobre tem\u00e1ticas de elevada relev\u00e2ncia social, [&hellip;]","og_url":"https:\/\/www.ufp.pt\/en\/abertura-de-concurso-para-duas-bolsas-de-investigacao-na-area-das-ciencias-humanas-e-sociais\/","og_site_name":"Universidade Fernando Pessoa","article_publisher":"http:\/\/facebook.com\/universidadefernandopessoa","article_published_time":"2026-04-08T10:36:58+00:00","article_modified_time":"2026-04-14T08:28:46+00:00","og_image":[{"width":1424,"height":748,"url":"https:\/\/www.ufp.pt\/wp-content\/uploads\/2026\/04\/bolsa_de_investigacao_1424x748.png","type":"image\/png"}],"author":"Paula Dias","twitter_card":"summary_large_image","twitter_misc":{"Written by":"Paula Dias","Est. reading time":"2 minutes"},"schema":{"@context":"https:\/\/schema.org","@graph":[{"@type":"Article","@id":"https:\/\/www.ufp.pt\/abertura-de-concurso-para-duas-bolsas-de-investigacao-na-area-das-ciencias-humanas-e-sociais\/#article","isPartOf":{"@id":"https:\/\/www.ufp.pt\/abertura-de-concurso-para-duas-bolsas-de-investigacao-na-area-das-ciencias-humanas-e-sociais\/"},"author":{"name":"Paula Dias","@id":"http:\/\/new.ufp.pt\/#\/schema\/person\/505fffaad04b327c9652ceb5b71a84c1"},"headline":"Abertura de concurso para duas Bolsas de Investiga\u00e7\u00e3o na \u00e1rea das Ci\u00eancias Humanas e Sociais Candidaturas at\u00e9 20 de abril","datePublished":"2026-04-08T10:36:58+00:00","dateModified":"2026-04-14T08:28:46+00:00","mainEntityOfPage":{"@id":"https:\/\/www.ufp.pt\/abertura-de-concurso-para-duas-bolsas-de-investigacao-na-area-das-ciencias-humanas-e-sociais\/"},"wordCount":234,"commentCount":0,"publisher":{"@id":"http:\/\/new.ufp.pt\/#organization"},"image":{"@id":"https:\/\/www.ufp.pt\/abertura-de-concurso-para-duas-bolsas-de-investigacao-na-area-das-ciencias-humanas-e-sociais\/#primaryimage"},"thumbnailUrl":"https:\/\/www.ufp.pt\/wp-content\/uploads\/2026\/04\/bolsa_de_investigacao_1424x748.png","articleSection":["Not\u00edcias"],"inLanguage":"en-GB","potentialAction":[{"@type":"CommentAction","name":"Comment","target":["https:\/\/www.ufp.pt\/abertura-de-concurso-para-duas-bolsas-de-investigacao-na-area-das-ciencias-humanas-e-sociais\/#respond"]}]},{"@type":"WebPage","@id":"https:\/\/www.ufp.pt\/abertura-de-concurso-para-duas-bolsas-de-investigacao-na-area-das-ciencias-humanas-e-sociais\/","url":"https:\/\/www.ufp.pt\/abertura-de-concurso-para-duas-bolsas-de-investigacao-na-area-das-ciencias-humanas-e-sociais\/","name":"Abertura de concurso para duas Bolsas de Investiga\u00e7\u00e3o na \u00e1rea das Ci\u00eancias Humanas e Sociais Candidaturas at\u00e9 20 de abril - Universidade Fernando Pessoa","isPartOf":{"@id":"http:\/\/new.ufp.pt\/#website"},"primaryImageOfPage":{"@id":"https:\/\/www.ufp.pt\/abertura-de-concurso-para-duas-bolsas-de-investigacao-na-area-das-ciencias-humanas-e-sociais\/#primaryimage"},"image":{"@id":"https:\/\/www.ufp.pt\/abertura-de-concurso-para-duas-bolsas-de-investigacao-na-area-das-ciencias-humanas-e-sociais\/#primaryimage"},"thumbnailUrl":"https:\/\/www.ufp.pt\/wp-content\/uploads\/2026\/04\/bolsa_de_investigacao_1424x748.png","datePublished":"2026-04-08T10:36:58+00:00","dateModified":"2026-04-14T08:28:46+00:00","breadcrumb":{"@id":"https:\/\/www.ufp.pt\/abertura-de-concurso-para-duas-bolsas-de-investigacao-na-area-das-ciencias-humanas-e-sociais\/#breadcrumb"},"inLanguage":"en-GB","potentialAction":[{"@type":"ReadAction","target":["https:\/\/www.ufp.pt\/abertura-de-concurso-para-duas-bolsas-de-investigacao-na-area-das-ciencias-humanas-e-sociais\/"]}]},{"@type":"ImageObject","inLanguage":"en-GB","@id":"https:\/\/www.ufp.pt\/abertura-de-concurso-para-duas-bolsas-de-investigacao-na-area-das-ciencias-humanas-e-sociais\/#primaryimage","url":"https:\/\/www.ufp.pt\/wp-content\/uploads\/2026\/04\/bolsa_de_investigacao_1424x748.png","contentUrl":"https:\/\/www.ufp.pt\/wp-content\/uploads\/2026\/04\/bolsa_de_investigacao_1424x748.png","width":1424,"height":748},{"@type":"BreadcrumbList","@id":"https:\/\/www.ufp.pt\/abertura-de-concurso-para-duas-bolsas-de-investigacao-na-area-das-ciencias-humanas-e-sociais\/#breadcrumb","itemListElement":[{"@type":"ListItem","position":1,"name":"UFP","item":"https:\/\/www.ufp.pt\/"},{"@type":"ListItem","position":2,"name":"Abertura de concurso para duas Bolsas de Investiga\u00e7\u00e3o na \u00e1rea das Ci\u00eancias Humanas e SociaisCandidaturas at\u00e9 20 de abril"}]},{"@type":"WebSite","@id":"http:\/\/new.ufp.pt\/#website","url":"http:\/\/new.ufp.pt\/","name":"Fernando Pessoa University","description":"","publisher":{"@id":"http:\/\/new.ufp.pt\/#organization"},"potentialAction":[{"@type":"SearchAction","target":{"@type":"EntryPoint","urlTemplate":"http:\/\/new.ufp.pt\/?s={search_term_string}"},"query-input":{"@type":"PropertyValueSpecification","valueRequired":true,"valueName":"search_term_string"}}],"inLanguage":"en-GB"},{"@type":"Organization","@id":"http:\/\/new.ufp.pt\/#organization","name":"Fernando Pessoa University","alternateName":"UFP","url":"http:\/\/new.ufp.pt\/","logo":{"@type":"ImageObject","inLanguage":"en-GB","@id":"http:\/\/new.ufp.pt\/#\/schema\/logo\/image\/","url":"https:\/\/www.ufp.pt\/wp-content\/uploads\/2025\/11\/02logo_ufp_site.svg","contentUrl":"https:\/\/www.ufp.pt\/wp-content\/uploads\/2025\/11\/02logo_ufp_site.svg","width":1280,"height":1280,"caption":"Universidade Fernando Pessoa"},"image":{"@id":"http:\/\/new.ufp.pt\/#\/schema\/logo\/image\/"},"sameAs":["http:\/\/facebook.com\/universidadefernandopessoa","https:\/\/www.instagram.com\/universidadefernandopessoa\/","https:\/\/www.youtube.com\/channel\/UCgDBeiAe6LpnSzEQj6-TssA","https:\/\/pt.linkedin.com\/school\/universidade-fernando-pessoa\/"]},{"@type":"Person","@id":"http:\/\/new.ufp.pt\/#\/schema\/person\/505fffaad04b327c9652ceb5b71a84c1","name":"Paula Dias","image":{"@type":"ImageObject","inLanguage":"en-GB","@id":"https:\/\/secure.gravatar.com\/avatar\/b620438bf6048b08e4e20dd6ad070f6fd026035c7def1304a898dab833b5b714?s=96&d=mm&r=g","url":"https:\/\/secure.gravatar.com\/avatar\/b620438bf6048b08e4e20dd6ad070f6fd026035c7def1304a898dab833b5b714?s=96&d=mm&r=g","contentUrl":"https:\/\/secure.gravatar.com\/avatar\/b620438bf6048b08e4e20dd6ad070f6fd026035c7def1304a898dab833b5b714?s=96&d=mm&r=g","caption":"Paula Dias"},"url":"https:\/\/www.ufp.pt\/en\/author\/pdias\/"}]}},"_links":{"self":[{"href":"https:\/\/www.ufp.pt\/en\/wp-json\/wp\/v2\/posts\/1052350","targetHints":{"allow":["GET"]}}],"collection":[{"href":"https:\/\/www.ufp.pt\/en\/wp-json\/wp\/v2\/posts"}],"about":[{"href":"https:\/\/www.ufp.pt\/en\/wp-json\/wp\/v2\/types\/post"}],"author":[{"embeddable":true,"href":"https:\/\/www.ufp.pt\/en\/wp-json\/wp\/v2\/users\/5"}],"replies":[{"embeddable":true,"href":"https:\/\/www.ufp.pt\/en\/wp-json\/wp\/v2\/comments?post=1052350"}],"version-history":[{"count":17,"href":"https:\/\/www.ufp.pt\/en\/wp-json\/wp\/v2\/posts\/1052350\/revisions"}],"predecessor-version":[{"id":1053663,"href":"https:\/\/www.ufp.pt\/en\/wp-json\/wp\/v2\/posts\/1052350\/revisions\/1053663"}],"wp:featuredmedia":[{"embeddable":true,"href":"https:\/\/www.ufp.pt\/en\/wp-json\/wp\/v2\/media\/1052351"}],"wp:attachment":[{"href":"https:\/\/www.ufp.pt\/en\/wp-json\/wp\/v2\/media?parent=1052350"}],"wp:term":[{"taxonomy":"category","embeddable":true,"href":"https:\/\/www.ufp.pt\/en\/wp-json\/wp\/v2\/categories?post=1052350"},{"taxonomy":"post_tag","embeddable":true,"href":"https:\/\/www.ufp.pt\/en\/wp-json\/wp\/v2\/tags?post=1052350"}],"curies":[{"name":"wp","href":"https:\/\/api.w.org\/{rel}","templated":true}]}}