{"id":1052925,"date":"2026-04-16T17:48:56","date_gmt":"2026-04-16T17:48:56","guid":{"rendered":"https:\/\/www.ufp.pt\/?p=1052925"},"modified":"2026-04-22T08:41:31","modified_gmt":"2026-04-22T08:41:31","slug":"vii-edicao-do-dia-das-ciencias-da-comunicacao","status":"publish","type":"post","link":"https:\/\/www.ufp.pt\/en\/vii-edicao-do-dia-das-ciencias-da-comunicacao\/","title":{"rendered":"(In)Visibilities in Contemporary Communication discussed at the VII Edition of the Communication Sciences Day<br><small> April 22 \u2022 Main Hall<\/small>"},"content":{"rendered":"\t\t<div data-elementor-type=\"wp-post\" data-elementor-id=\"1052925\" class=\"elementor elementor-1052925\" data-elementor-post-type=\"post\">\n\t\t\t\t<div class=\"elementor-element elementor-element-673f4ec e-flex e-con-boxed e-con e-parent\" data-id=\"673f4ec\" data-element_type=\"container\" data-e-type=\"container\">\n\t\t\t\t\t<div class=\"e-con-inner\">\n\t\t\t\t\t<\/div>\n\t\t\t\t<\/div>\n\t\t<div class=\"elementor-element elementor-element-6442142 e-flex e-con-boxed e-con e-parent\" data-id=\"6442142\" data-element_type=\"container\" data-e-type=\"container\">\n\t\t\t\t\t<div class=\"e-con-inner\">\n\t\t\t\t<div class=\"elementor-element elementor-element-290109d elementor-widget elementor-widget-text-editor\" data-id=\"290109d\" data-element_type=\"widget\" data-e-type=\"widget\" data-widget_type=\"text-editor.default\">\n\t\t\t\t\t\t\t\t\t<p><strong>APRESENTA\u00c7\u00c3O<\/strong><\/p><p><span style=\"font-weight: 400;\">No dia 22 de Abril com in\u00edcio \u00e0 9.15 horas ter\u00e1 lugar o Dia das Ci\u00eancias da Comunica\u00e7\u00e3o, este ano na sua s\u00e9tima edi\u00e7\u00e3o. Um acontecimento que j\u00e1 criou ra\u00edzes na Universidade Fernando Pessoa e que conta com a participa\u00e7\u00e3o de convidados ligados aos media, ao jornalismo, \u00e0 cultura, \u00e0s artes e \u00e0 pol\u00edtica. E naturalmente com estudantes e professores de Ci\u00eancias da Comunica\u00e7\u00e3o. O tema em debate desta vez s\u00e3o as <\/span><b>(In) Visibilidades na Comunica\u00e7\u00e3o Contempor\u00e2nea.<\/b><\/p><p><span style=\"font-weight: 400;\">A confer\u00eancia de abertura conta com a participa\u00e7\u00e3o de Jorge Sobrado, vereador da Cultura e do Patrim\u00f3nio da C\u00e2mara Municipal do Porto, que ir\u00e1 conversar com Eduardo Paz Barroso a partir do tema <\/span><i><span style=\"font-weight: 400;\">Da Cidade invis\u00edvel \u00e0 cidade iluminada<\/span><\/i><span style=\"font-weight: 400;\">.<\/span><\/p><p><span style=\"font-weight: 400;\">As cidades globalizadas constituem hoje poderosos sistemas de comunica\u00e7\u00e3o com arquitecturas, em sentido real e figurado, de diferentes escalas. Mas em correla\u00e7\u00e3o com elas existem outras volumetrias, zonas de sombra, opacidades, periferias simb\u00f3licas. O desfazer dos la\u00e7os sociais, a liquidifica\u00e7\u00e3o dos espa\u00e7os urbanos (Bauman) ou a prolifera\u00e7\u00e3o de n\u00e3o-lugares (Aug\u00e9), a conflitualidade entre maiorias e minorias, as perturba\u00e7\u00f5es na mobilidade, a indiferen\u00e7a, afectam em larga escala este primeiro grande n\u00edvel de comunica\u00e7\u00e3o p\u00fablica constitu\u00eddo pelas cidades contempor\u00e2neas de que o Porto \u00e9 um exemplo com uma forte e antiqu\u00edssima solidez identit\u00e1ria. E por isso preserva uma sabedoria social e liberal. A Cultura, com artistas, institui\u00e7\u00f5es e pol\u00edticas, enfrenta o desafio de articular todos estes planos. S\u00f3 ela \u00e9 capaz de dar visibilidade \u00e0 cria\u00e7\u00e3o, \u00e0s contradi\u00e7\u00f5es e ambi\u00e7\u00f5es, tanto individuais como colectivas. S\u00f3 ela \u00e9 capaz de concretizar um novo Iluminismo, defender a raz\u00e3o, o patrim\u00f3nio e a pluralidade est\u00e9tica.\u00a0\u00a0<\/span><\/p><p><span style=\"font-weight: 400;\">Num mundo em acelera\u00e7\u00e3o constante, povoado por imprevisibilidades e conflitos, polariza\u00e7\u00f5es e radicalismos, o esclarecimento, a informa\u00e7\u00e3o com qualidade, o escrut\u00ednio e a transpar\u00eancia, s\u00e3o pois elementos decisivos. Asseguram a lucidez necess\u00e1ria para elaborar a hermen\u00eautica de uma realidade, quantas vezes absurda, submersa na espetacularidade das imagens e no ruido e na balburdia das redes sociais. Tamb\u00e9m aqui a comunica\u00e7\u00e3o nem sempre \u00e9 completamente vis\u00edvel. Importa aceder ao outro lado, menos <\/span><span style=\"font-weight: 400;\">\u00f3bvio<\/span><span style=\"font-weight: 400;\">, tanto podem ser os bastidores, como as redac\u00e7\u00f5es onde se decide o que vai ser difundido, ou como se diz no cinema, tudo aquilo que est\u00e1 fora de campo, mas que tem implica\u00e7\u00f5es no que vemos e ouvimos.<\/span><\/p><h6><span style=\"font-weight: 400;\">Ao longo do dia especialistas em comunica\u00e7\u00e3o, estudantes e professores v\u00e3o reflectir sobre tudo isto, para tentarem robustecer a liga\u00e7\u00e3o da UFP a este mundo cheio de enigmas, de crueldades mas tamb\u00e9m de Esperan\u00e7a da qual o Porto, e a UFP, s\u00e3o sinais vis\u00edveis.\u00a0<br \/><br \/><strong>Design: <\/strong>Professor <em>Francisco Mesquita<\/em><\/span><\/h6>\t\t\t\t\t\t\t\t<\/div>\n\t\t<div class=\"elementor-element elementor-element-7e91e89 e-con-full e-flex e-con e-child\" data-id=\"7e91e89\" data-element_type=\"container\" data-e-type=\"container\">\n\t\t\t\t<div class=\"elementor-element elementor-element-a7238ef elementor-widget elementor-widget-text-editor\" data-id=\"a7238ef\" data-element_type=\"widget\" data-e-type=\"widget\" data-widget_type=\"text-editor.default\">\n\t\t\t\t\t\t\t\t\t<p><strong>PROGRAMA<\/strong><\/p><p><strong>09:15<\/strong> \u2013 Sess\u00e3o de Abertura: Salvato Trigo, Presidente da Funda\u00e7\u00e3o Fernando Pessoa e Eug\u00e9nio dos Santos, Reitor da<br \/>Universidade Fernando Pessoa<br \/><strong>9:30<\/strong> \u2013 Confer\u00eancia de abertura: Da Cidade invis\u00edvel \u00e0 cidade iluminada<br \/>Jorge Sobrado, vereador da Cultura e do Patrim\u00f3nio da C\u00e2mara Municipal do Porto<br \/>Modera\u00e7\u00e3o: Eduardo Paz Barroso (UFP)<br \/><strong>10:45<\/strong> &#8211; <strong>COFFEE BREAK<\/strong><br \/><strong>11:00<\/strong> \u2013 O papel da imprensa regional e local<br \/>Anabela Carvalho \u2013 Chefe de Reda\u00e7\u00e3o do Jornal O Gaiense<br \/>Anabela Vasconcelos \u2013 Coordenadora do Jornal A Verdade<br \/>Modera\u00e7\u00e3o: Sofia Gaio (UFP)<br \/><strong>12:00<\/strong> \u2013 Vinho Verde \u2013 Comunica\u00e7\u00e3o de uma Marca Internacional<br \/>Dora Sim\u00f5es \u2013 Presidente da CVRVV (Comiss\u00e3o de Viticultura da Regi\u00e3o dos Vinhos Verdes)<br \/>Modera\u00e7\u00e3o: Elsa Sim\u00f5es (UFP)<br \/><strong>13:00 &#8211; 14:00<\/strong> \u2013 <strong>ALMO\u00c7O<\/strong><br \/><strong>14:00<\/strong> \u2013 \u201cNos bastidores\u201d<br \/>Isabel Correia \u2013 Produtora e Jurista da RTP<br \/>Catarina Folhadela \u2013 Jornalista e Coordenadora-Adjunta da SIC Porto<br \/>MODERA\u00c7\u00c3O: Ana Gabriela Nogueira<br \/><strong>14:45<\/strong> \u2013 Lu\u00eds Silva \u2013 Presidente &#8211; PORTO TECH HUB \u2013 \u201cComunica\u00e7\u00e3o e\/de tecnologia\u201d<br \/>Modera\u00e7\u00e3o: Paulo Cardoso (UFP)<br \/><strong>15:15<\/strong> \u2013 <strong>COFFEE BREAK<\/strong><br \/><strong>15:30<\/strong> \u2013 MESA REDONDA \u2013 \u201cPersonagens (in)vis\u00edveis?\u201d<br \/>Modera\u00e7\u00e3o: Renato Ferreira (UFP) e estudantes de Ci\u00eancias da Comunica\u00e7\u00e3o (Vera Moreira e Ang\u00e9lia Fernandes)<br \/>Pedro Reis S\u00e1 \u2013 Diretor de Comunica\u00e7\u00e3o do Futebol Clube de Famalic\u00e3o<br \/>Tiago Ferreira \u2013 Rep\u00f3rter de Imagem da TVI\/CNN Porto<br \/>Afonso Guedes \u2013 Assessor de Comunica\u00e7\u00e3o do Ministro da Presid\u00eancia, Leit\u00e3o Amaro<br \/><strong>16:30<\/strong> \u2013 SESS\u00c3O FINAL \u2013 Apresenta\u00e7\u00e3o do vencedor do concurso de fotografia \u2013 C\u00e1tedra de Bio\u00e9tica<br \/>Francisco mesquita, Teresa Toldy e Paula Dias (UFP)<\/p><p><strong>Ao longo do dia:<\/strong><br \/><strong>Exposi\u00e7\u00e3o<\/strong> de cartazes elaborados pelos estudantes do 2\u00ba ano de Ci\u00eancias da Comunica\u00e7\u00e3o: \u201cSer\u00e1 que as nossas escolhas<br \/>alimentares refletem ou condicionam a forma como vivemos, pensamos e nos relacionamos com o mundo&#8221;<br \/><strong>Exposi\u00e7\u00e3o<\/strong> de fotografia: FastFood Slow Thinking<br \/><strong>Apresentadores<\/strong> do Dia das Ci\u00eancias da Comunica\u00e7\u00e3o: Jo\u00e3o Guerreiro e Matilde Fonseca, Let\u00edcia Carreira e T\u00e2nia Tavares<\/p><p><strong>ORGANIZA\u00c7\u00c3O<br \/><\/strong>Coordena\u00e7\u00e3o dos 1\u00ba e 2\u00ba Ciclos de Ci\u00eancias da Comunica\u00e7\u00e3o<br \/>Lab-Tv<br \/>Grupo de estudantes CC-UFP<\/p>\t\t\t\t\t\t\t\t<\/div>\n\t\t\t\t<\/div>\n\t\t<div class=\"elementor-element elementor-element-a5fefb3 e-con-full e-flex e-con e-child\" data-id=\"a5fefb3\" data-element_type=\"container\" data-e-type=\"container\">\n\t\t\t\t<div class=\"elementor-element elementor-element-5a88e5a elementor-widget elementor-widget-text-editor\" data-id=\"5a88e5a\" data-element_type=\"widget\" data-e-type=\"widget\" data-widget_type=\"text-editor.default\">\n\t\t\t\t\t\t\t\t\t<p><strong>VALOR DA INSCRI\u00c7\u00c3O<br \/><\/strong><\/p><p>A entrada \u00e9 gratuita, mas requer inscri\u00e7\u00e3o obrigat\u00f3ria.<br \/><br \/>Certificados<br \/>5 \u20ac\u00a0\u2013 Alunos da UFP (valor a ser pago apenas para os alunos que solicitem certificado)<br \/>10 \u20ac\u00a0\u2013 Alunos de Outras Institui\u00e7\u00f5es\u00a0(valor a ser pago apenas para os alunos que solicitem certificado)<br \/><strong>Nota:<\/strong>\u00a0Certificado enviado por e-mail<\/p><p><strong>MODO DE PAGAMENTO<\/strong><\/p><p><strong>Modo de Pagamento:<\/strong>\u00a0Transfer\u00eancia Banc\u00e1ria\u00a0<br \/><strong>Nome:<\/strong>\u00a0Funda\u00e7\u00e3o Ensino e Cultura Fernando Pessoa-Pharma<br \/><strong>Banco:<\/strong>\u00a0Caixa Geral de Dep\u00f3sitos \u2013 CGD<br \/><strong>C\u00f3digo balc\u00e3o:<\/strong>\u00a00091<br \/><strong>NIB:<\/strong>\u00a00035 00910001231233050<br \/><strong>IBAN:<\/strong>\u00a0PT50 0035 0091 0001231233050<br \/><strong>SWIFT:<\/strong>\u00a0CGDIPTPL<\/p><p><strong>\u00a0<\/strong><\/p>\t\t\t\t\t\t\t\t<\/div>\n\t\t\t\t<\/div>\n\t\t\t\t\t<\/div>\n\t\t\t\t<\/div>\n\t\t<div class=\"elementor-element elementor-element-9fd8590 e-flex e-con-boxed e-con e-parent\" data-id=\"9fd8590\" data-element_type=\"container\" data-e-type=\"container\">\n\t\t\t\t\t<div class=\"e-con-inner\">\n\t\t\t\t<div class=\"elementor-element elementor-element-29553e5 form-evento elementor-button-align-stretch elementor-widget elementor-widget-form\" data-id=\"29553e5\" data-element_type=\"widget\" data-e-type=\"widget\" data-settings=\"{&quot;step_next_label&quot;:&quot;AVAN\\u00c7AR \\u2192&quot;,&quot;step_previous_label&quot;:&quot;\\u2190 VOLTAR&quot;,&quot;step_icon_shape&quot;:&quot;square&quot;,&quot;button_width&quot;:&quot;100&quot;,&quot;step_type&quot;:&quot;number_text&quot;}\" data-widget_type=\"form.default\">\n\t\t\t\t\t\t\t<form class=\"elementor-form\" method=\"post\" name=\"Proposta de a\u00e7\u00f5es e eventos FCT\" aria-label=\"Proposta de a\u00e7\u00f5es e eventos FCT\" novalidate=\"\">\n\t\t\t<input type=\"hidden\" name=\"post_id\" value=\"1052925\"\/>\n\t\t\t<input type=\"hidden\" name=\"form_id\" value=\"29553e5\"\/>\n\t\t\t<input type=\"hidden\" name=\"referer_title\" value=\"Universidade Fernando Pessoa\" \/>\n\n\t\t\t\n\t\t\t<div class=\"elementor-form-fields-wrapper elementor-labels-\">\n\t\t\t\t\t\t\t\t<div class=\"elementor-field-type-html elementor-field-group elementor-column elementor-field-group-field_49ac466 elementor-col-100\">\n\t\t\t\t\tIDENTIFICA\u00c7\u00c3O\t\t\t\t<\/div>\n\t\t\t\t\t\t\t\t<div class=\"elementor-field-type-text elementor-field-group elementor-column elementor-field-group-field_6b514f4 elementor-col-100\">\n\t\t\t\t\t\t\t\t\t\t\t\t<label for=\"form-field-field_6b514f4\" class=\"elementor-field-label elementor-screen-only\">\n\t\t\t\t\t\t\t\tNome Completo\t\t\t\t\t\t\t<\/label>\n\t\t\t\t\t\t\t\t\t\t\t\t\t\t<input size=\"1\" type=\"text\" name=\"form_fields[field_6b514f4]\" id=\"form-field-field_6b514f4\" class=\"elementor-field elementor-size-lg  elementor-field-textual\" placeholder=\"Nome Completo\">\n\t\t\t\t\t\t\t\t\t\t\t<\/div>\n\t\t\t\t\t\t\t\t<div class=\"elementor-field-type-email elementor-field-group elementor-column elementor-field-group-message elementor-col-50\">\n\t\t\t\t\t\t\t\t\t\t\t\t<label for=\"form-field-message\" class=\"elementor-field-label elementor-screen-only\">\n\t\t\t\t\t\t\t\tE-mail\t\t\t\t\t\t\t<\/label>\n\t\t\t\t\t\t\t\t\t\t\t\t\t\t<input size=\"1\" type=\"email\" name=\"form_fields[message]\" id=\"form-field-message\" class=\"elementor-field elementor-size-lg  elementor-field-textual\" placeholder=\"E-mail\">\n\t\t\t\t\t\t\t\t\t\t\t<\/div>\n\t\t\t\t\t\t\t\t<div class=\"elementor-field-type-select elementor-field-group elementor-column elementor-field-group-field_a9c987f elementor-col-50\">\n\t\t\t\t\t\t\t\t\t\t\t\t<label for=\"form-field-field_a9c987f\" class=\"elementor-field-label elementor-screen-only\">\n\t\t\t\t\t\t\t\tInstitui\u00e7\u00e3o de Ensino Superior\t\t\t\t\t\t\t<\/label>\n\t\t\t\t\t\t\t\t<div class=\"elementor-field elementor-select-wrapper remove-before \">\n\t\t\t<div class=\"select-caret-down-wrapper\">\n\t\t\t\t<svg aria-hidden=\"true\" class=\"e-font-icon-svg e-eicon-caret-down\" viewBox=\"0 0 571.4 571.4\" xmlns=\"http:\/\/www.w3.org\/2000\/svg\"><path d=\"M571 393Q571 407 561 418L311 668Q300 679 286 679T261 668L11 418Q0 407 0 393T11 368 36 357H536Q550 357 561 368T571 393Z\"><\/path><\/svg>\t\t\t<\/div>\n\t\t\t<select name=\"form_fields[field_a9c987f]\" id=\"form-field-field_a9c987f\" class=\"elementor-field-textual elementor-size-lg\">\n\t\t\t\t\t\t\t\t\t<option value=\"UFP\">UFP<\/option>\n\t\t\t\t\t\t\t\t\t<option value=\"UMINHO\">UMINHO<\/option>\n\t\t\t\t\t\t\t\t\t<option value=\"UBI\">UBI<\/option>\n\t\t\t\t\t\t\t\t\t<option value=\"Outro\">Outro<\/option>\n\t\t\t\t\t\t\t\t\t<option value=\"\"><\/option>\n\t\t\t\t\t\t\t<\/select>\n\t\t<\/div>\n\t\t\t\t\t\t<\/div>\n\t\t\t\t\t\t\t\t<div class=\"elementor-field-type-text elementor-field-group elementor-column elementor-field-group-field_ef668a5 elementor-col-50\">\n\t\t\t\t\t\t\t\t\t\t\t\t<label for=\"form-field-field_ef668a5\" class=\"elementor-field-label elementor-screen-only\">\n\t\t\t\t\t\t\t\tN\u00ba de Aluno (Se for da UFP)\t\t\t\t\t\t\t<\/label>\n\t\t\t\t\t\t\t\t\t\t\t\t\t\t<input size=\"1\" type=\"text\" name=\"form_fields[field_ef668a5]\" id=\"form-field-field_ef668a5\" class=\"elementor-field elementor-size-lg  elementor-field-textual\" placeholder=\"n\u00ba aluno\">\n\t\t\t\t\t\t\t\t\t\t\t<\/div>\n\t\t\t\t\t\t\t\t<div class=\"elementor-field-type-select elementor-field-group elementor-column elementor-field-group-field_19ad01f elementor-col-50\">\n\t\t\t\t\t\t\t\t\t\t\t\t<label for=\"form-field-field_19ad01f\" class=\"elementor-field-label elementor-screen-only\">\n\t\t\t\t\t\t\t\tAtividade\t\t\t\t\t\t\t<\/label>\n\t\t\t\t\t\t\t\t<div class=\"elementor-field elementor-select-wrapper remove-before \">\n\t\t\t<div class=\"select-caret-down-wrapper\">\n\t\t\t\t<svg aria-hidden=\"true\" class=\"e-font-icon-svg e-eicon-caret-down\" viewBox=\"0 0 571.4 571.4\" xmlns=\"http:\/\/www.w3.org\/2000\/svg\"><path d=\"M571 393Q571 407 561 418L311 668Q300 679 286 679T261 668L11 418Q0 407 0 393T11 368 36 357H536Q550 357 561 368T571 393Z\"><\/path><\/svg>\t\t\t<\/div>\n\t\t\t<select name=\"form_fields[field_19ad01f]\" id=\"form-field-field_19ad01f\" class=\"elementor-field-textual elementor-size-lg\">\n\t\t\t\t\t\t\t\t\t<option value=\"Aluno e ex-aluno UFP\">Aluno e ex-aluno UFP<\/option>\n\t\t\t\t\t\t\t\t\t<option value=\"Aluno de outras Institui\u00e7\u00f5es\">Aluno de outras Institui\u00e7\u00f5es<\/option>\n\t\t\t\t\t\t\t\t\t<option value=\"Outro\">Outro<\/option>\n\t\t\t\t\t\t\t\t\t<option value=\"\"><\/option>\n\t\t\t\t\t\t\t\t\t<option value=\"\"><\/option>\n\t\t\t\t\t\t\t<\/select>\n\t\t<\/div>\n\t\t\t\t\t\t<\/div>\n\t\t\t\t\t\t\t\t<div class=\"elementor-field-type-html elementor-field-group elementor-column elementor-field-group-field_4847619 elementor-col-100\">\n\t\t\t\t\tCERTIFICADO\t\t\t\t<\/div>\n\t\t\t\t\t\t\t\t<div class=\"elementor-field-type-select elementor-field-group elementor-column elementor-field-group-field_b53a4eb elementor-col-50\">\n\t\t\t\t\t\t\t\t\t\t\t\t<label for=\"form-field-field_b53a4eb\" class=\"elementor-field-label elementor-screen-only\">\n\t\t\t\t\t\t\t\tCertificado\t\t\t\t\t\t\t<\/label>\n\t\t\t\t\t\t\t\t<div class=\"elementor-field elementor-select-wrapper remove-before \">\n\t\t\t<div class=\"select-caret-down-wrapper\">\n\t\t\t\t<svg aria-hidden=\"true\" class=\"e-font-icon-svg e-eicon-caret-down\" viewBox=\"0 0 571.4 571.4\" xmlns=\"http:\/\/www.w3.org\/2000\/svg\"><path d=\"M571 393Q571 407 561 418L311 668Q300 679 286 679T261 668L11 418Q0 407 0 393T11 368 36 357H536Q550 357 561 368T571 393Z\"><\/path><\/svg>\t\t\t<\/div>\n\t\t\t<select name=\"form_fields[field_b53a4eb]\" id=\"form-field-field_b53a4eb\" class=\"elementor-field-textual elementor-size-lg\">\n\t\t\t\t\t\t\t\t\t<option value=\"Sim\">Sim<\/option>\n\t\t\t\t\t\t\t\t\t<option value=\"N\u00e3o\">N\u00e3o<\/option>\n\t\t\t\t\t\t\t<\/select>\n\t\t<\/div>\n\t\t\t\t\t\t<\/div>\n\t\t\t\t\t\t\t\t<div class=\"elementor-field-type-html elementor-field-group elementor-column elementor-field-group-field_bd83978 elementor-col-100\">\n\t\t\t\t\tComprovativo de Pagamento\t\t\t\t<\/div>\n\t\t\t\t\t\t\t\t<div class=\"elementor-field-type-upload elementor-field-group elementor-column elementor-field-group-field_f8cd6a9 elementor-col-50\">\n\t\t\t\t\t\t\t\t\t\t\t\t<label for=\"form-field-field_f8cd6a9\" class=\"elementor-field-label elementor-screen-only\">\n\t\t\t\t\t\t\t\tFoto 1\t\t\t\t\t\t\t<\/label>\n\t\t\t\t\t\t\t\t<input type=\"file\" name=\"form_fields[field_f8cd6a9]\" id=\"form-field-field_f8cd6a9\" class=\"elementor-field elementor-size-lg  elementor-upload-field\" data-maxsize=\"2\" data-maxsize-message=\"This file exceeds the maximum allowed size.\">\n\n\t\t\t\t\t\t<\/div>\n\t\t\t\t\t\t\t\t<div class=\"elementor-field-group elementor-column elementor-field-type-submit elementor-col-100 e-form__buttons\">\n\t\t\t\t\t<button class=\"elementor-button elementor-size-sm elementor-animation-grow\" type=\"submit\">\n\t\t\t\t\t\t<span class=\"elementor-button-content-wrapper\">\n\t\t\t\t\t\t\t\t\t\t\t\t\t\t\t\t\t\t\t\t\t\t<span class=\"elementor-button-text\">ENVIAR \u2192<\/span>\n\t\t\t\t\t\t\t\t\t\t\t\t\t<\/span>\n\t\t\t\t\t<\/button>\n\t\t\t\t<\/div>\n\t\t\t<\/div>\n\t\t<\/form>\n\t\t\t\t\t\t<\/div>\n\t\t\t\t\t<\/div>\n\t\t\t\t<\/div>\n\t\t\t\t<\/div>\n\t\t","protected":false},"excerpt":{"rendered":"<p>APRESENTA\u00c7\u00c3O No dia 22 de Abril com in\u00edcio \u00e0 9.15 horas ter\u00e1 lugar o Dia das Ci\u00eancias da Comunica\u00e7\u00e3o, este ano na sua s\u00e9tima edi\u00e7\u00e3o. Um acontecimento que j\u00e1 criou ra\u00edzes na Universidade Fernando Pessoa e que conta com a participa\u00e7\u00e3o de convidados ligados aos media, ao jornalismo, \u00e0 cultura, \u00e0s artes e \u00e0 pol\u00edtica. [&hellip;]<\/p>\n","protected":false},"author":5,"featured_media":1053015,"comment_status":"closed","ping_status":"closed","sticky":false,"template":"","format":"standard","meta":{"footnotes":""},"categories":[35],"tags":[],"class_list":["post-1052925","post","type-post","status-publish","format-standard","has-post-thumbnail","hentry","category-eventos"],"yoast_head":"<!-- This site is optimized with the Yoast SEO plugin v27.4 - https:\/\/yoast.com\/product\/yoast-seo-wordpress\/ -->\n<title>(In)Visibilidades na Comunica\u00e7\u00e3o Contempor\u00e2nea debatidas na VII Edi\u00e7\u00e3o do Dia das Ci\u00eancias da Comunica\u00e7\u00e3o 22 de abril \u2022 Sal\u00e3o Nobre - Universidade Fernando Pessoa<\/title>\n<meta name=\"robots\" content=\"index, follow, max-snippet:-1, max-image-preview:large, max-video-preview:-1\" \/>\n<link rel=\"canonical\" href=\"https:\/\/www.ufp.pt\/en\/vii-edicao-do-dia-das-ciencias-da-comunicacao\/\" \/>\n<meta property=\"og:locale\" content=\"en_GB\" \/>\n<meta property=\"og:type\" content=\"article\" \/>\n<meta property=\"og:title\" content=\"(In)Visibilidades na Comunica\u00e7\u00e3o Contempor\u00e2nea debatidas na VII Edi\u00e7\u00e3o do Dia das Ci\u00eancias da Comunica\u00e7\u00e3o 22 de abril \u2022 Sal\u00e3o Nobre - Universidade Fernando Pessoa\" \/>\n<meta property=\"og:description\" content=\"APRESENTA\u00c7\u00c3O No dia 22 de Abril com in\u00edcio \u00e0 9.15 horas ter\u00e1 lugar o Dia das Ci\u00eancias da Comunica\u00e7\u00e3o, este ano na sua s\u00e9tima edi\u00e7\u00e3o. Um acontecimento que j\u00e1 criou ra\u00edzes na Universidade Fernando Pessoa e que conta com a participa\u00e7\u00e3o de convidados ligados aos media, ao jornalismo, \u00e0 cultura, \u00e0s artes e \u00e0 pol\u00edtica. [&hellip;]\" \/>\n<meta property=\"og:url\" content=\"https:\/\/www.ufp.pt\/en\/vii-edicao-do-dia-das-ciencias-da-comunicacao\/\" \/>\n<meta property=\"og:site_name\" content=\"Universidade Fernando Pessoa\" \/>\n<meta property=\"article:publisher\" content=\"http:\/\/facebook.com\/universidadefernandopessoa\" \/>\n<meta property=\"article:published_time\" content=\"2026-04-16T17:48:56+00:00\" \/>\n<meta property=\"article:modified_time\" content=\"2026-04-22T08:41:31+00:00\" \/>\n<meta property=\"og:image\" content=\"https:\/\/www.ufp.pt\/wp-content\/uploads\/2026\/04\/1080_566-1.jpg\" \/>\n\t<meta property=\"og:image:width\" content=\"1080\" \/>\n\t<meta property=\"og:image:height\" content=\"566\" \/>\n\t<meta property=\"og:image:type\" content=\"image\/jpeg\" \/>\n<meta name=\"author\" content=\"Paula Dias\" \/>\n<meta name=\"twitter:card\" content=\"summary_large_image\" \/>\n<meta name=\"twitter:label1\" content=\"Written by\" \/>\n\t<meta name=\"twitter:data1\" content=\"Paula Dias\" \/>\n\t<meta name=\"twitter:label2\" content=\"Est. reading time\" \/>\n\t<meta name=\"twitter:data2\" content=\"5 minutes\" \/>\n<script type=\"application\/ld+json\" class=\"yoast-schema-graph\">{\"@context\":\"https:\\\/\\\/schema.org\",\"@graph\":[{\"@type\":\"Article\",\"@id\":\"https:\\\/\\\/www.ufp.pt\\\/vii-edicao-do-dia-das-ciencias-da-comunicacao\\\/#article\",\"isPartOf\":{\"@id\":\"https:\\\/\\\/www.ufp.pt\\\/vii-edicao-do-dia-das-ciencias-da-comunicacao\\\/\"},\"author\":{\"name\":\"Paula Dias\",\"@id\":\"http:\\\/\\\/new.ufp.pt\\\/#\\\/schema\\\/person\\\/505fffaad04b327c9652ceb5b71a84c1\"},\"headline\":\"(In)Visibilidades na Comunica\u00e7\u00e3o Contempor\u00e2nea debatidas na VII Edi\u00e7\u00e3o do Dia das Ci\u00eancias da Comunica\u00e7\u00e3o 22 de abril \u2022 Sal\u00e3o Nobre\",\"datePublished\":\"2026-04-16T17:48:56+00:00\",\"dateModified\":\"2026-04-22T08:41:31+00:00\",\"mainEntityOfPage\":{\"@id\":\"https:\\\/\\\/www.ufp.pt\\\/vii-edicao-do-dia-das-ciencias-da-comunicacao\\\/\"},\"wordCount\":904,\"publisher\":{\"@id\":\"http:\\\/\\\/new.ufp.pt\\\/#organization\"},\"image\":{\"@id\":\"https:\\\/\\\/www.ufp.pt\\\/vii-edicao-do-dia-das-ciencias-da-comunicacao\\\/#primaryimage\"},\"thumbnailUrl\":\"https:\\\/\\\/www.ufp.pt\\\/wp-content\\\/uploads\\\/2026\\\/04\\\/1080_566-1.jpg\",\"articleSection\":[\"Eventos\"],\"inLanguage\":\"en-GB\"},{\"@type\":\"WebPage\",\"@id\":\"https:\\\/\\\/www.ufp.pt\\\/vii-edicao-do-dia-das-ciencias-da-comunicacao\\\/\",\"url\":\"https:\\\/\\\/www.ufp.pt\\\/vii-edicao-do-dia-das-ciencias-da-comunicacao\\\/\",\"name\":\"(In)Visibilidades na Comunica\u00e7\u00e3o Contempor\u00e2nea debatidas na VII Edi\u00e7\u00e3o do Dia das Ci\u00eancias da Comunica\u00e7\u00e3o 22 de abril \u2022 Sal\u00e3o Nobre - Universidade Fernando Pessoa\",\"isPartOf\":{\"@id\":\"http:\\\/\\\/new.ufp.pt\\\/#website\"},\"primaryImageOfPage\":{\"@id\":\"https:\\\/\\\/www.ufp.pt\\\/vii-edicao-do-dia-das-ciencias-da-comunicacao\\\/#primaryimage\"},\"image\":{\"@id\":\"https:\\\/\\\/www.ufp.pt\\\/vii-edicao-do-dia-das-ciencias-da-comunicacao\\\/#primaryimage\"},\"thumbnailUrl\":\"https:\\\/\\\/www.ufp.pt\\\/wp-content\\\/uploads\\\/2026\\\/04\\\/1080_566-1.jpg\",\"datePublished\":\"2026-04-16T17:48:56+00:00\",\"dateModified\":\"2026-04-22T08:41:31+00:00\",\"breadcrumb\":{\"@id\":\"https:\\\/\\\/www.ufp.pt\\\/vii-edicao-do-dia-das-ciencias-da-comunicacao\\\/#breadcrumb\"},\"inLanguage\":\"en-GB\",\"potentialAction\":[{\"@type\":\"ReadAction\",\"target\":[\"https:\\\/\\\/www.ufp.pt\\\/vii-edicao-do-dia-das-ciencias-da-comunicacao\\\/\"]}]},{\"@type\":\"ImageObject\",\"inLanguage\":\"en-GB\",\"@id\":\"https:\\\/\\\/www.ufp.pt\\\/vii-edicao-do-dia-das-ciencias-da-comunicacao\\\/#primaryimage\",\"url\":\"https:\\\/\\\/www.ufp.pt\\\/wp-content\\\/uploads\\\/2026\\\/04\\\/1080_566-1.jpg\",\"contentUrl\":\"https:\\\/\\\/www.ufp.pt\\\/wp-content\\\/uploads\\\/2026\\\/04\\\/1080_566-1.jpg\",\"width\":1080,\"height\":566},{\"@type\":\"BreadcrumbList\",\"@id\":\"https:\\\/\\\/www.ufp.pt\\\/vii-edicao-do-dia-das-ciencias-da-comunicacao\\\/#breadcrumb\",\"itemListElement\":[{\"@type\":\"ListItem\",\"position\":1,\"name\":\"UFP\",\"item\":\"https:\\\/\\\/www.ufp.pt\\\/\"},{\"@type\":\"ListItem\",\"position\":2,\"name\":\"(In)Visibilidades na Comunica\u00e7\u00e3o Contempor\u00e2nea debatidas na VII Edi\u00e7\u00e3o do Dia das Ci\u00eancias da Comunica\u00e7\u00e3o 22 de abril \u2022 Sal\u00e3o Nobre\"}]},{\"@type\":\"WebSite\",\"@id\":\"http:\\\/\\\/new.ufp.pt\\\/#website\",\"url\":\"http:\\\/\\\/new.ufp.pt\\\/\",\"name\":\"Universidade Fernando Pessoa\",\"description\":\"\",\"publisher\":{\"@id\":\"http:\\\/\\\/new.ufp.pt\\\/#organization\"},\"potentialAction\":[{\"@type\":\"SearchAction\",\"target\":{\"@type\":\"EntryPoint\",\"urlTemplate\":\"http:\\\/\\\/new.ufp.pt\\\/?s={search_term_string}\"},\"query-input\":{\"@type\":\"PropertyValueSpecification\",\"valueRequired\":true,\"valueName\":\"search_term_string\"}}],\"inLanguage\":\"en-GB\"},{\"@type\":\"Organization\",\"@id\":\"http:\\\/\\\/new.ufp.pt\\\/#organization\",\"name\":\"Universidade Fernando Pessoa\",\"alternateName\":\"UFP\",\"url\":\"http:\\\/\\\/new.ufp.pt\\\/\",\"logo\":{\"@type\":\"ImageObject\",\"inLanguage\":\"en-GB\",\"@id\":\"http:\\\/\\\/new.ufp.pt\\\/#\\\/schema\\\/logo\\\/image\\\/\",\"url\":\"https:\\\/\\\/www.ufp.pt\\\/wp-content\\\/uploads\\\/2025\\\/11\\\/02logo_ufp_site.svg\",\"contentUrl\":\"https:\\\/\\\/www.ufp.pt\\\/wp-content\\\/uploads\\\/2025\\\/11\\\/02logo_ufp_site.svg\",\"width\":1280,\"height\":1280,\"caption\":\"Universidade Fernando Pessoa\"},\"image\":{\"@id\":\"http:\\\/\\\/new.ufp.pt\\\/#\\\/schema\\\/logo\\\/image\\\/\"},\"sameAs\":[\"http:\\\/\\\/facebook.com\\\/universidadefernandopessoa\",\"https:\\\/\\\/www.instagram.com\\\/universidadefernandopessoa\\\/\",\"https:\\\/\\\/www.youtube.com\\\/channel\\\/UCgDBeiAe6LpnSzEQj6-TssA\",\"https:\\\/\\\/pt.linkedin.com\\\/school\\\/universidade-fernando-pessoa\\\/\"]},{\"@type\":\"Person\",\"@id\":\"http:\\\/\\\/new.ufp.pt\\\/#\\\/schema\\\/person\\\/505fffaad04b327c9652ceb5b71a84c1\",\"name\":\"Paula Dias\",\"image\":{\"@type\":\"ImageObject\",\"inLanguage\":\"en-GB\",\"@id\":\"https:\\\/\\\/secure.gravatar.com\\\/avatar\\\/b620438bf6048b08e4e20dd6ad070f6fd026035c7def1304a898dab833b5b714?s=96&d=mm&r=g\",\"url\":\"https:\\\/\\\/secure.gravatar.com\\\/avatar\\\/b620438bf6048b08e4e20dd6ad070f6fd026035c7def1304a898dab833b5b714?s=96&d=mm&r=g\",\"contentUrl\":\"https:\\\/\\\/secure.gravatar.com\\\/avatar\\\/b620438bf6048b08e4e20dd6ad070f6fd026035c7def1304a898dab833b5b714?s=96&d=mm&r=g\",\"caption\":\"Paula Dias\"},\"url\":\"https:\\\/\\\/www.ufp.pt\\\/en\\\/author\\\/pdias\\\/\"}]}<\/script>\n<!-- \/ Yoast SEO plugin. -->","yoast_head_json":{"title":"(In)Visibilidades na Comunica\u00e7\u00e3o Contempor\u00e2nea debatidas na VII Edi\u00e7\u00e3o do Dia das Ci\u00eancias da Comunica\u00e7\u00e3o 22 de abril \u2022 Sal\u00e3o Nobre - Universidade Fernando Pessoa","robots":{"index":"index","follow":"follow","max-snippet":"max-snippet:-1","max-image-preview":"max-image-preview:large","max-video-preview":"max-video-preview:-1"},"canonical":"https:\/\/www.ufp.pt\/en\/vii-edicao-do-dia-das-ciencias-da-comunicacao\/","og_locale":"en_GB","og_type":"article","og_title":"(In)Visibilidades na Comunica\u00e7\u00e3o Contempor\u00e2nea debatidas na VII Edi\u00e7\u00e3o do Dia das Ci\u00eancias da Comunica\u00e7\u00e3o 22 de abril \u2022 Sal\u00e3o Nobre - Universidade Fernando Pessoa","og_description":"APRESENTA\u00c7\u00c3O No dia 22 de Abril com in\u00edcio \u00e0 9.15 horas ter\u00e1 lugar o Dia das Ci\u00eancias da Comunica\u00e7\u00e3o, este ano na sua s\u00e9tima edi\u00e7\u00e3o. Um acontecimento que j\u00e1 criou ra\u00edzes na Universidade Fernando Pessoa e que conta com a participa\u00e7\u00e3o de convidados ligados aos media, ao jornalismo, \u00e0 cultura, \u00e0s artes e \u00e0 pol\u00edtica. [&hellip;]","og_url":"https:\/\/www.ufp.pt\/en\/vii-edicao-do-dia-das-ciencias-da-comunicacao\/","og_site_name":"Universidade Fernando Pessoa","article_publisher":"http:\/\/facebook.com\/universidadefernandopessoa","article_published_time":"2026-04-16T17:48:56+00:00","article_modified_time":"2026-04-22T08:41:31+00:00","og_image":[{"width":1080,"height":566,"url":"https:\/\/www.ufp.pt\/wp-content\/uploads\/2026\/04\/1080_566-1.jpg","type":"image\/jpeg"}],"author":"Paula Dias","twitter_card":"summary_large_image","twitter_misc":{"Written by":"Paula Dias","Est. reading time":"5 minutes"},"schema":{"@context":"https:\/\/schema.org","@graph":[{"@type":"Article","@id":"https:\/\/www.ufp.pt\/vii-edicao-do-dia-das-ciencias-da-comunicacao\/#article","isPartOf":{"@id":"https:\/\/www.ufp.pt\/vii-edicao-do-dia-das-ciencias-da-comunicacao\/"},"author":{"name":"Paula Dias","@id":"http:\/\/new.ufp.pt\/#\/schema\/person\/505fffaad04b327c9652ceb5b71a84c1"},"headline":"(In)Visibilidades na Comunica\u00e7\u00e3o Contempor\u00e2nea debatidas na VII Edi\u00e7\u00e3o do Dia das Ci\u00eancias da Comunica\u00e7\u00e3o 22 de abril \u2022 Sal\u00e3o Nobre","datePublished":"2026-04-16T17:48:56+00:00","dateModified":"2026-04-22T08:41:31+00:00","mainEntityOfPage":{"@id":"https:\/\/www.ufp.pt\/vii-edicao-do-dia-das-ciencias-da-comunicacao\/"},"wordCount":904,"publisher":{"@id":"http:\/\/new.ufp.pt\/#organization"},"image":{"@id":"https:\/\/www.ufp.pt\/vii-edicao-do-dia-das-ciencias-da-comunicacao\/#primaryimage"},"thumbnailUrl":"https:\/\/www.ufp.pt\/wp-content\/uploads\/2026\/04\/1080_566-1.jpg","articleSection":["Eventos"],"inLanguage":"en-GB"},{"@type":"WebPage","@id":"https:\/\/www.ufp.pt\/vii-edicao-do-dia-das-ciencias-da-comunicacao\/","url":"https:\/\/www.ufp.pt\/vii-edicao-do-dia-das-ciencias-da-comunicacao\/","name":"(In)Visibilidades na Comunica\u00e7\u00e3o Contempor\u00e2nea debatidas na VII Edi\u00e7\u00e3o do Dia das Ci\u00eancias da Comunica\u00e7\u00e3o 22 de abril \u2022 Sal\u00e3o Nobre - Universidade Fernando Pessoa","isPartOf":{"@id":"http:\/\/new.ufp.pt\/#website"},"primaryImageOfPage":{"@id":"https:\/\/www.ufp.pt\/vii-edicao-do-dia-das-ciencias-da-comunicacao\/#primaryimage"},"image":{"@id":"https:\/\/www.ufp.pt\/vii-edicao-do-dia-das-ciencias-da-comunicacao\/#primaryimage"},"thumbnailUrl":"https:\/\/www.ufp.pt\/wp-content\/uploads\/2026\/04\/1080_566-1.jpg","datePublished":"2026-04-16T17:48:56+00:00","dateModified":"2026-04-22T08:41:31+00:00","breadcrumb":{"@id":"https:\/\/www.ufp.pt\/vii-edicao-do-dia-das-ciencias-da-comunicacao\/#breadcrumb"},"inLanguage":"en-GB","potentialAction":[{"@type":"ReadAction","target":["https:\/\/www.ufp.pt\/vii-edicao-do-dia-das-ciencias-da-comunicacao\/"]}]},{"@type":"ImageObject","inLanguage":"en-GB","@id":"https:\/\/www.ufp.pt\/vii-edicao-do-dia-das-ciencias-da-comunicacao\/#primaryimage","url":"https:\/\/www.ufp.pt\/wp-content\/uploads\/2026\/04\/1080_566-1.jpg","contentUrl":"https:\/\/www.ufp.pt\/wp-content\/uploads\/2026\/04\/1080_566-1.jpg","width":1080,"height":566},{"@type":"BreadcrumbList","@id":"https:\/\/www.ufp.pt\/vii-edicao-do-dia-das-ciencias-da-comunicacao\/#breadcrumb","itemListElement":[{"@type":"ListItem","position":1,"name":"UFP","item":"https:\/\/www.ufp.pt\/"},{"@type":"ListItem","position":2,"name":"(In)Visibilidades na Comunica\u00e7\u00e3o Contempor\u00e2nea debatidas na VII Edi\u00e7\u00e3o do Dia das Ci\u00eancias da Comunica\u00e7\u00e3o 22 de abril \u2022 Sal\u00e3o Nobre"}]},{"@type":"WebSite","@id":"http:\/\/new.ufp.pt\/#website","url":"http:\/\/new.ufp.pt\/","name":"Fernando Pessoa University","description":"","publisher":{"@id":"http:\/\/new.ufp.pt\/#organization"},"potentialAction":[{"@type":"SearchAction","target":{"@type":"EntryPoint","urlTemplate":"http:\/\/new.ufp.pt\/?s={search_term_string}"},"query-input":{"@type":"PropertyValueSpecification","valueRequired":true,"valueName":"search_term_string"}}],"inLanguage":"en-GB"},{"@type":"Organization","@id":"http:\/\/new.ufp.pt\/#organization","name":"Fernando Pessoa University","alternateName":"UFP","url":"http:\/\/new.ufp.pt\/","logo":{"@type":"ImageObject","inLanguage":"en-GB","@id":"http:\/\/new.ufp.pt\/#\/schema\/logo\/image\/","url":"https:\/\/www.ufp.pt\/wp-content\/uploads\/2025\/11\/02logo_ufp_site.svg","contentUrl":"https:\/\/www.ufp.pt\/wp-content\/uploads\/2025\/11\/02logo_ufp_site.svg","width":1280,"height":1280,"caption":"Universidade Fernando Pessoa"},"image":{"@id":"http:\/\/new.ufp.pt\/#\/schema\/logo\/image\/"},"sameAs":["http:\/\/facebook.com\/universidadefernandopessoa","https:\/\/www.instagram.com\/universidadefernandopessoa\/","https:\/\/www.youtube.com\/channel\/UCgDBeiAe6LpnSzEQj6-TssA","https:\/\/pt.linkedin.com\/school\/universidade-fernando-pessoa\/"]},{"@type":"Person","@id":"http:\/\/new.ufp.pt\/#\/schema\/person\/505fffaad04b327c9652ceb5b71a84c1","name":"Paula Dias","image":{"@type":"ImageObject","inLanguage":"en-GB","@id":"https:\/\/secure.gravatar.com\/avatar\/b620438bf6048b08e4e20dd6ad070f6fd026035c7def1304a898dab833b5b714?s=96&d=mm&r=g","url":"https:\/\/secure.gravatar.com\/avatar\/b620438bf6048b08e4e20dd6ad070f6fd026035c7def1304a898dab833b5b714?s=96&d=mm&r=g","contentUrl":"https:\/\/secure.gravatar.com\/avatar\/b620438bf6048b08e4e20dd6ad070f6fd026035c7def1304a898dab833b5b714?s=96&d=mm&r=g","caption":"Paula Dias"},"url":"https:\/\/www.ufp.pt\/en\/author\/pdias\/"}]}},"_links":{"self":[{"href":"https:\/\/www.ufp.pt\/en\/wp-json\/wp\/v2\/posts\/1052925","targetHints":{"allow":["GET"]}}],"collection":[{"href":"https:\/\/www.ufp.pt\/en\/wp-json\/wp\/v2\/posts"}],"about":[{"href":"https:\/\/www.ufp.pt\/en\/wp-json\/wp\/v2\/types\/post"}],"author":[{"embeddable":true,"href":"https:\/\/www.ufp.pt\/en\/wp-json\/wp\/v2\/users\/5"}],"replies":[{"embeddable":true,"href":"https:\/\/www.ufp.pt\/en\/wp-json\/wp\/v2\/comments?post=1052925"}],"version-history":[{"count":80,"href":"https:\/\/www.ufp.pt\/en\/wp-json\/wp\/v2\/posts\/1052925\/revisions"}],"predecessor-version":[{"id":1054703,"href":"https:\/\/www.ufp.pt\/en\/wp-json\/wp\/v2\/posts\/1052925\/revisions\/1054703"}],"wp:featuredmedia":[{"embeddable":true,"href":"https:\/\/www.ufp.pt\/en\/wp-json\/wp\/v2\/media\/1053015"}],"wp:attachment":[{"href":"https:\/\/www.ufp.pt\/en\/wp-json\/wp\/v2\/media?parent=1052925"}],"wp:term":[{"taxonomy":"category","embeddable":true,"href":"https:\/\/www.ufp.pt\/en\/wp-json\/wp\/v2\/categories?post=1052925"},{"taxonomy":"post_tag","embeddable":true,"href":"https:\/\/www.ufp.pt\/en\/wp-json\/wp\/v2\/tags?post=1052925"}],"curies":[{"name":"wp","href":"https:\/\/api.w.org\/{rel}","templated":true}]}}