{"id":1053860,"date":"2026-04-16T08:18:13","date_gmt":"2026-04-16T08:18:13","guid":{"rendered":"https:\/\/www.ufp.pt\/?p=1053860"},"modified":"2026-04-20T14:46:35","modified_gmt":"2026-04-20T14:46:35","slug":"escola-de-medicina-e-ciencias-biomedicas-recebe-a-anem","status":"publish","type":"post","link":"https:\/\/www.ufp.pt\/en\/escola-de-medicina-e-ciencias-biomedicas-recebe-a-anem\/","title":{"rendered":"The School of Medicine and Biomedical Sciences hosts ANEM."},"content":{"rendered":"<div data-elementor-type=\"wp-post\" data-elementor-id=\"1053860\" class=\"elementor elementor-1053860\" data-elementor-post-type=\"post\">\n\t\t\t\t<div class=\"elementor-element elementor-element-8610b5d e-flex e-con-boxed e-con e-parent\" data-id=\"8610b5d\" data-element_type=\"container\" data-e-type=\"container\">\n\t\t\t\t\t<div class=\"e-con-inner\">\n\t\t\t\t<div class=\"elementor-element elementor-element-a5866e3 elementor-widget elementor-widget-text-editor\" data-id=\"a5866e3\" data-element_type=\"widget\" data-e-type=\"widget\" data-widget_type=\"text-editor.default\">\n\t\t\t\t\t\t\t\t\t<p>On April 9th, the School of Medicine and Biomedical Sciences (EMCB) of the Fernando Pessoa University received a visit from the President and Vice-President of the National Association of Medical Students (ANEM), Maria Font\u00e3o and Marta Duarte. The delegation was welcomed by the Medical Students&#039; Association of EMCB and the School&#039;s Executive Coordination, and was also received in a meeting by the EMCB Directorate.<\/p><p>The visit program included an institutional presentation, a guided tour of the School&#039;s facilities, and a visit to the Fernando Pessoa Teaching Hospital\/Trofa Sa\u00fade Group, allowing for an understanding of the different contexts of practical training for medical students. As a symbolic gesture, a copy of the book &quot;Clinical Neurology,&quot; authored by Professor Maria Jos\u00e9 S\u00e1, a lecturer in the Integrated Master&#039;s Program in Medicine at the Fernando Pessoa University, was presented.<\/p><p>This initiative strengthens cooperation between EMCB and ANEM, promoting institutional dialogue and the sharing of experiences in the field of medical training.<\/p>\t\t\t\t\t\t\t\t<\/div>\n\t\t\t\t\t<\/div>\n\t\t\t\t<\/div>\n\t\t<div class=\"elementor-element elementor-element-430094b e-flex e-con-boxed e-con e-parent\" data-id=\"430094b\" data-element_type=\"container\" data-e-type=\"container\">\n\t\t\t\t\t<div class=\"e-con-inner\">\n\t\t\t\t<div class=\"elementor-element elementor-element-13a61d8 elementor-widget elementor-widget-image\" data-id=\"13a61d8\" data-element_type=\"widget\" data-e-type=\"widget\" data-widget_type=\"image.default\">\n\t\t\t\t\t\t\t\t\t\t\t\t\t\t\t<img decoding=\"async\" src=\"https:\/\/www.ufp.pt\/wp-content\/uploads\/elementor\/thumbs\/Visita-da-ANEM-a-EMCB-2-rm30l3ek40jjkkflmo3fhddjwqpjjbslypnocd24oo.jpg\" title=\"ANEM visit to EMCB (2)\" alt=\"Visita da ANEM \u00e0 EMCB (2)\" loading=\"lazy\" \/>\t\t\t\t\t\t\t\t\t\t\t\t\t\t\t<\/div>\n\t\t\t\t\t<\/div>\n\t\t\t\t<\/div>\n\t\t\t\t<\/div>","protected":false},"excerpt":{"rendered":"<p>No passado dia 9 de abril, a Escola de Medicina e Ci\u00eancias Biom\u00e9dicas (EMCB) da Universidade Fernando Pessoa, recebeu a visita da Presidente e da Vice-Presidente da Associa\u00e7\u00e3o Nacional de Estudantes de Medicina (ANEM), Maria Font\u00e3o e Marta Duarte. A comitiva foi acolhida pelo N\u00facleo de Estudantes de Medicina da EMCB e pela Coordena\u00e7\u00e3o Executiva [&hellip;]<\/p>\n","protected":false},"author":14,"featured_media":1053983,"comment_status":"closed","ping_status":"closed","sticky":false,"template":"","format":"standard","meta":{"footnotes":""},"categories":[6],"tags":[],"class_list":["post-1053860","post","type-post","status-publish","format-standard","has-post-thumbnail","hentry","category-noticias"],"yoast_head":"<!-- This site is optimized with the Yoast SEO plugin v27.4 - https:\/\/yoast.com\/product\/yoast-seo-wordpress\/ -->\n<title>Escola de Medicina e Ci\u00eancias Biom\u00e9dicas recebe a ANEM - Universidade Fernando Pessoa<\/title>\n<meta name=\"robots\" content=\"index, follow, max-snippet:-1, max-image-preview:large, max-video-preview:-1\" \/>\n<link rel=\"canonical\" href=\"https:\/\/www.ufp.pt\/en\/escola-de-medicina-e-ciencias-biomedicas-recebe-a-anem\/\" \/>\n<meta property=\"og:locale\" content=\"en_GB\" \/>\n<meta property=\"og:type\" content=\"article\" \/>\n<meta property=\"og:title\" content=\"Escola de Medicina e Ci\u00eancias Biom\u00e9dicas recebe a ANEM - Universidade Fernando Pessoa\" \/>\n<meta property=\"og:description\" content=\"No passado dia 9 de abril, a Escola de Medicina e Ci\u00eancias Biom\u00e9dicas (EMCB) da Universidade Fernando Pessoa, recebeu a visita da Presidente e da Vice-Presidente da Associa\u00e7\u00e3o Nacional de Estudantes de Medicina (ANEM), Maria Font\u00e3o e Marta Duarte. A comitiva foi acolhida pelo N\u00facleo de Estudantes de Medicina da EMCB e pela Coordena\u00e7\u00e3o Executiva [&hellip;]\" \/>\n<meta property=\"og:url\" content=\"https:\/\/www.ufp.pt\/en\/escola-de-medicina-e-ciencias-biomedicas-recebe-a-anem\/\" \/>\n<meta property=\"og:site_name\" content=\"Universidade Fernando Pessoa\" \/>\n<meta property=\"article:publisher\" content=\"http:\/\/facebook.com\/universidadefernandopessoa\" \/>\n<meta property=\"article:published_time\" content=\"2026-04-16T08:18:13+00:00\" \/>\n<meta property=\"article:modified_time\" content=\"2026-04-20T14:46:35+00:00\" \/>\n<meta property=\"og:image\" content=\"https:\/\/www.ufp.pt\/wp-content\/uploads\/2026\/04\/Visita-da-ANEM-a-EMCB.jpg\" \/>\n\t<meta property=\"og:image:width\" content=\"1424\" \/>\n\t<meta property=\"og:image:height\" content=\"748\" \/>\n\t<meta property=\"og:image:type\" content=\"image\/jpeg\" \/>\n<meta name=\"author\" content=\"Joana Sousa\" \/>\n<meta name=\"twitter:card\" content=\"summary_large_image\" \/>\n<meta name=\"twitter:label1\" content=\"Written by\" \/>\n\t<meta name=\"twitter:data1\" content=\"Joana Sousa\" \/>\n\t<meta name=\"twitter:label2\" content=\"Est. reading time\" \/>\n\t<meta name=\"twitter:data2\" content=\"1 minute\" \/>\n<script type=\"application\/ld+json\" class=\"yoast-schema-graph\">{\"@context\":\"https:\\\/\\\/schema.org\",\"@graph\":[{\"@type\":\"Article\",\"@id\":\"https:\\\/\\\/www.ufp.pt\\\/escola-de-medicina-e-ciencias-biomedicas-recebe-a-anem\\\/#article\",\"isPartOf\":{\"@id\":\"https:\\\/\\\/www.ufp.pt\\\/escola-de-medicina-e-ciencias-biomedicas-recebe-a-anem\\\/\"},\"author\":{\"name\":\"Joana Sousa\",\"@id\":\"http:\\\/\\\/new.ufp.pt\\\/#\\\/schema\\\/person\\\/72405de391c60df9a8c800600c643eef\"},\"headline\":\"Escola de Medicina e Ci\u00eancias Biom\u00e9dicas recebe a ANEM\",\"datePublished\":\"2026-04-16T08:18:13+00:00\",\"dateModified\":\"2026-04-20T14:46:35+00:00\",\"mainEntityOfPage\":{\"@id\":\"https:\\\/\\\/www.ufp.pt\\\/escola-de-medicina-e-ciencias-biomedicas-recebe-a-anem\\\/\"},\"wordCount\":192,\"publisher\":{\"@id\":\"http:\\\/\\\/new.ufp.pt\\\/#organization\"},\"image\":{\"@id\":\"https:\\\/\\\/www.ufp.pt\\\/escola-de-medicina-e-ciencias-biomedicas-recebe-a-anem\\\/#primaryimage\"},\"thumbnailUrl\":\"https:\\\/\\\/www.ufp.pt\\\/wp-content\\\/uploads\\\/2026\\\/04\\\/Visita-da-ANEM-a-EMCB.jpg\",\"articleSection\":[\"Not\u00edcias\"],\"inLanguage\":\"en-GB\"},{\"@type\":\"WebPage\",\"@id\":\"https:\\\/\\\/www.ufp.pt\\\/escola-de-medicina-e-ciencias-biomedicas-recebe-a-anem\\\/\",\"url\":\"https:\\\/\\\/www.ufp.pt\\\/escola-de-medicina-e-ciencias-biomedicas-recebe-a-anem\\\/\",\"name\":\"Escola de Medicina e Ci\u00eancias Biom\u00e9dicas recebe a ANEM - Universidade Fernando Pessoa\",\"isPartOf\":{\"@id\":\"http:\\\/\\\/new.ufp.pt\\\/#website\"},\"primaryImageOfPage\":{\"@id\":\"https:\\\/\\\/www.ufp.pt\\\/escola-de-medicina-e-ciencias-biomedicas-recebe-a-anem\\\/#primaryimage\"},\"image\":{\"@id\":\"https:\\\/\\\/www.ufp.pt\\\/escola-de-medicina-e-ciencias-biomedicas-recebe-a-anem\\\/#primaryimage\"},\"thumbnailUrl\":\"https:\\\/\\\/www.ufp.pt\\\/wp-content\\\/uploads\\\/2026\\\/04\\\/Visita-da-ANEM-a-EMCB.jpg\",\"datePublished\":\"2026-04-16T08:18:13+00:00\",\"dateModified\":\"2026-04-20T14:46:35+00:00\",\"breadcrumb\":{\"@id\":\"https:\\\/\\\/www.ufp.pt\\\/escola-de-medicina-e-ciencias-biomedicas-recebe-a-anem\\\/#breadcrumb\"},\"inLanguage\":\"en-GB\",\"potentialAction\":[{\"@type\":\"ReadAction\",\"target\":[\"https:\\\/\\\/www.ufp.pt\\\/escola-de-medicina-e-ciencias-biomedicas-recebe-a-anem\\\/\"]}]},{\"@type\":\"ImageObject\",\"inLanguage\":\"en-GB\",\"@id\":\"https:\\\/\\\/www.ufp.pt\\\/escola-de-medicina-e-ciencias-biomedicas-recebe-a-anem\\\/#primaryimage\",\"url\":\"https:\\\/\\\/www.ufp.pt\\\/wp-content\\\/uploads\\\/2026\\\/04\\\/Visita-da-ANEM-a-EMCB.jpg\",\"contentUrl\":\"https:\\\/\\\/www.ufp.pt\\\/wp-content\\\/uploads\\\/2026\\\/04\\\/Visita-da-ANEM-a-EMCB.jpg\",\"width\":1424,\"height\":748},{\"@type\":\"BreadcrumbList\",\"@id\":\"https:\\\/\\\/www.ufp.pt\\\/escola-de-medicina-e-ciencias-biomedicas-recebe-a-anem\\\/#breadcrumb\",\"itemListElement\":[{\"@type\":\"ListItem\",\"position\":1,\"name\":\"UFP\",\"item\":\"https:\\\/\\\/www.ufp.pt\\\/\"},{\"@type\":\"ListItem\",\"position\":2,\"name\":\"Escola de Medicina e Ci\u00eancias Biom\u00e9dicas recebe a ANEM\"}]},{\"@type\":\"WebSite\",\"@id\":\"http:\\\/\\\/new.ufp.pt\\\/#website\",\"url\":\"http:\\\/\\\/new.ufp.pt\\\/\",\"name\":\"Universidade Fernando Pessoa\",\"description\":\"\",\"publisher\":{\"@id\":\"http:\\\/\\\/new.ufp.pt\\\/#organization\"},\"potentialAction\":[{\"@type\":\"SearchAction\",\"target\":{\"@type\":\"EntryPoint\",\"urlTemplate\":\"http:\\\/\\\/new.ufp.pt\\\/?s={search_term_string}\"},\"query-input\":{\"@type\":\"PropertyValueSpecification\",\"valueRequired\":true,\"valueName\":\"search_term_string\"}}],\"inLanguage\":\"en-GB\"},{\"@type\":\"Organization\",\"@id\":\"http:\\\/\\\/new.ufp.pt\\\/#organization\",\"name\":\"Universidade Fernando Pessoa\",\"alternateName\":\"UFP\",\"url\":\"http:\\\/\\\/new.ufp.pt\\\/\",\"logo\":{\"@type\":\"ImageObject\",\"inLanguage\":\"en-GB\",\"@id\":\"http:\\\/\\\/new.ufp.pt\\\/#\\\/schema\\\/logo\\\/image\\\/\",\"url\":\"https:\\\/\\\/www.ufp.pt\\\/wp-content\\\/uploads\\\/2025\\\/11\\\/02logo_ufp_site.svg\",\"contentUrl\":\"https:\\\/\\\/www.ufp.pt\\\/wp-content\\\/uploads\\\/2025\\\/11\\\/02logo_ufp_site.svg\",\"width\":1280,\"height\":1280,\"caption\":\"Universidade Fernando Pessoa\"},\"image\":{\"@id\":\"http:\\\/\\\/new.ufp.pt\\\/#\\\/schema\\\/logo\\\/image\\\/\"},\"sameAs\":[\"http:\\\/\\\/facebook.com\\\/universidadefernandopessoa\",\"https:\\\/\\\/www.instagram.com\\\/universidadefernandopessoa\\\/\",\"https:\\\/\\\/www.youtube.com\\\/channel\\\/UCgDBeiAe6LpnSzEQj6-TssA\",\"https:\\\/\\\/pt.linkedin.com\\\/school\\\/universidade-fernando-pessoa\\\/\"]},{\"@type\":\"Person\",\"@id\":\"http:\\\/\\\/new.ufp.pt\\\/#\\\/schema\\\/person\\\/72405de391c60df9a8c800600c643eef\",\"name\":\"Joana Sousa\",\"image\":{\"@type\":\"ImageObject\",\"inLanguage\":\"en-GB\",\"@id\":\"https:\\\/\\\/secure.gravatar.com\\\/avatar\\\/62a68c25a3c49a343e70157d12f788958b57a1bc2b9f97756d7b20a42a87751a?s=96&d=mm&r=g\",\"url\":\"https:\\\/\\\/secure.gravatar.com\\\/avatar\\\/62a68c25a3c49a343e70157d12f788958b57a1bc2b9f97756d7b20a42a87751a?s=96&d=mm&r=g\",\"contentUrl\":\"https:\\\/\\\/secure.gravatar.com\\\/avatar\\\/62a68c25a3c49a343e70157d12f788958b57a1bc2b9f97756d7b20a42a87751a?s=96&d=mm&r=g\",\"caption\":\"Joana Sousa\"},\"url\":\"https:\\\/\\\/www.ufp.pt\\\/en\\\/author\\\/joanagsousa\\\/\"}]}<\/script>\n<!-- \/ Yoast SEO plugin. -->","yoast_head_json":{"title":"Escola de Medicina e Ci\u00eancias Biom\u00e9dicas recebe a ANEM - Universidade Fernando Pessoa","robots":{"index":"index","follow":"follow","max-snippet":"max-snippet:-1","max-image-preview":"max-image-preview:large","max-video-preview":"max-video-preview:-1"},"canonical":"https:\/\/www.ufp.pt\/en\/escola-de-medicina-e-ciencias-biomedicas-recebe-a-anem\/","og_locale":"en_GB","og_type":"article","og_title":"Escola de Medicina e Ci\u00eancias Biom\u00e9dicas recebe a ANEM - Universidade Fernando Pessoa","og_description":"No passado dia 9 de abril, a Escola de Medicina e Ci\u00eancias Biom\u00e9dicas (EMCB) da Universidade Fernando Pessoa, recebeu a visita da Presidente e da Vice-Presidente da Associa\u00e7\u00e3o Nacional de Estudantes de Medicina (ANEM), Maria Font\u00e3o e Marta Duarte. A comitiva foi acolhida pelo N\u00facleo de Estudantes de Medicina da EMCB e pela Coordena\u00e7\u00e3o Executiva [&hellip;]","og_url":"https:\/\/www.ufp.pt\/en\/escola-de-medicina-e-ciencias-biomedicas-recebe-a-anem\/","og_site_name":"Universidade Fernando Pessoa","article_publisher":"http:\/\/facebook.com\/universidadefernandopessoa","article_published_time":"2026-04-16T08:18:13+00:00","article_modified_time":"2026-04-20T14:46:35+00:00","og_image":[{"width":1424,"height":748,"url":"https:\/\/www.ufp.pt\/wp-content\/uploads\/2026\/04\/Visita-da-ANEM-a-EMCB.jpg","type":"image\/jpeg"}],"author":"Joana Sousa","twitter_card":"summary_large_image","twitter_misc":{"Written by":"Joana Sousa","Est. reading time":"1 minute"},"schema":{"@context":"https:\/\/schema.org","@graph":[{"@type":"Article","@id":"https:\/\/www.ufp.pt\/escola-de-medicina-e-ciencias-biomedicas-recebe-a-anem\/#article","isPartOf":{"@id":"https:\/\/www.ufp.pt\/escola-de-medicina-e-ciencias-biomedicas-recebe-a-anem\/"},"author":{"name":"Joana Sousa","@id":"http:\/\/new.ufp.pt\/#\/schema\/person\/72405de391c60df9a8c800600c643eef"},"headline":"Escola de Medicina e Ci\u00eancias Biom\u00e9dicas recebe a ANEM","datePublished":"2026-04-16T08:18:13+00:00","dateModified":"2026-04-20T14:46:35+00:00","mainEntityOfPage":{"@id":"https:\/\/www.ufp.pt\/escola-de-medicina-e-ciencias-biomedicas-recebe-a-anem\/"},"wordCount":192,"publisher":{"@id":"http:\/\/new.ufp.pt\/#organization"},"image":{"@id":"https:\/\/www.ufp.pt\/escola-de-medicina-e-ciencias-biomedicas-recebe-a-anem\/#primaryimage"},"thumbnailUrl":"https:\/\/www.ufp.pt\/wp-content\/uploads\/2026\/04\/Visita-da-ANEM-a-EMCB.jpg","articleSection":["Not\u00edcias"],"inLanguage":"en-GB"},{"@type":"WebPage","@id":"https:\/\/www.ufp.pt\/escola-de-medicina-e-ciencias-biomedicas-recebe-a-anem\/","url":"https:\/\/www.ufp.pt\/escola-de-medicina-e-ciencias-biomedicas-recebe-a-anem\/","name":"Escola de Medicina e Ci\u00eancias Biom\u00e9dicas recebe a ANEM - Universidade Fernando Pessoa","isPartOf":{"@id":"http:\/\/new.ufp.pt\/#website"},"primaryImageOfPage":{"@id":"https:\/\/www.ufp.pt\/escola-de-medicina-e-ciencias-biomedicas-recebe-a-anem\/#primaryimage"},"image":{"@id":"https:\/\/www.ufp.pt\/escola-de-medicina-e-ciencias-biomedicas-recebe-a-anem\/#primaryimage"},"thumbnailUrl":"https:\/\/www.ufp.pt\/wp-content\/uploads\/2026\/04\/Visita-da-ANEM-a-EMCB.jpg","datePublished":"2026-04-16T08:18:13+00:00","dateModified":"2026-04-20T14:46:35+00:00","breadcrumb":{"@id":"https:\/\/www.ufp.pt\/escola-de-medicina-e-ciencias-biomedicas-recebe-a-anem\/#breadcrumb"},"inLanguage":"en-GB","potentialAction":[{"@type":"ReadAction","target":["https:\/\/www.ufp.pt\/escola-de-medicina-e-ciencias-biomedicas-recebe-a-anem\/"]}]},{"@type":"ImageObject","inLanguage":"en-GB","@id":"https:\/\/www.ufp.pt\/escola-de-medicina-e-ciencias-biomedicas-recebe-a-anem\/#primaryimage","url":"https:\/\/www.ufp.pt\/wp-content\/uploads\/2026\/04\/Visita-da-ANEM-a-EMCB.jpg","contentUrl":"https:\/\/www.ufp.pt\/wp-content\/uploads\/2026\/04\/Visita-da-ANEM-a-EMCB.jpg","width":1424,"height":748},{"@type":"BreadcrumbList","@id":"https:\/\/www.ufp.pt\/escola-de-medicina-e-ciencias-biomedicas-recebe-a-anem\/#breadcrumb","itemListElement":[{"@type":"ListItem","position":1,"name":"UFP","item":"https:\/\/www.ufp.pt\/"},{"@type":"ListItem","position":2,"name":"Escola de Medicina e Ci\u00eancias Biom\u00e9dicas recebe a ANEM"}]},{"@type":"WebSite","@id":"http:\/\/new.ufp.pt\/#website","url":"http:\/\/new.ufp.pt\/","name":"Fernando Pessoa University","description":"","publisher":{"@id":"http:\/\/new.ufp.pt\/#organization"},"potentialAction":[{"@type":"SearchAction","target":{"@type":"EntryPoint","urlTemplate":"http:\/\/new.ufp.pt\/?s={search_term_string}"},"query-input":{"@type":"PropertyValueSpecification","valueRequired":true,"valueName":"search_term_string"}}],"inLanguage":"en-GB"},{"@type":"Organization","@id":"http:\/\/new.ufp.pt\/#organization","name":"Fernando Pessoa University","alternateName":"UFP","url":"http:\/\/new.ufp.pt\/","logo":{"@type":"ImageObject","inLanguage":"en-GB","@id":"http:\/\/new.ufp.pt\/#\/schema\/logo\/image\/","url":"https:\/\/www.ufp.pt\/wp-content\/uploads\/2025\/11\/02logo_ufp_site.svg","contentUrl":"https:\/\/www.ufp.pt\/wp-content\/uploads\/2025\/11\/02logo_ufp_site.svg","width":1280,"height":1280,"caption":"Universidade Fernando Pessoa"},"image":{"@id":"http:\/\/new.ufp.pt\/#\/schema\/logo\/image\/"},"sameAs":["http:\/\/facebook.com\/universidadefernandopessoa","https:\/\/www.instagram.com\/universidadefernandopessoa\/","https:\/\/www.youtube.com\/channel\/UCgDBeiAe6LpnSzEQj6-TssA","https:\/\/pt.linkedin.com\/school\/universidade-fernando-pessoa\/"]},{"@type":"Person","@id":"http:\/\/new.ufp.pt\/#\/schema\/person\/72405de391c60df9a8c800600c643eef","name":"Joana Sousa","image":{"@type":"ImageObject","inLanguage":"en-GB","@id":"https:\/\/secure.gravatar.com\/avatar\/62a68c25a3c49a343e70157d12f788958b57a1bc2b9f97756d7b20a42a87751a?s=96&d=mm&r=g","url":"https:\/\/secure.gravatar.com\/avatar\/62a68c25a3c49a343e70157d12f788958b57a1bc2b9f97756d7b20a42a87751a?s=96&d=mm&r=g","contentUrl":"https:\/\/secure.gravatar.com\/avatar\/62a68c25a3c49a343e70157d12f788958b57a1bc2b9f97756d7b20a42a87751a?s=96&d=mm&r=g","caption":"Joana Sousa"},"url":"https:\/\/www.ufp.pt\/en\/author\/joanagsousa\/"}]}},"_links":{"self":[{"href":"https:\/\/www.ufp.pt\/en\/wp-json\/wp\/v2\/posts\/1053860","targetHints":{"allow":["GET"]}}],"collection":[{"href":"https:\/\/www.ufp.pt\/en\/wp-json\/wp\/v2\/posts"}],"about":[{"href":"https:\/\/www.ufp.pt\/en\/wp-json\/wp\/v2\/types\/post"}],"author":[{"embeddable":true,"href":"https:\/\/www.ufp.pt\/en\/wp-json\/wp\/v2\/users\/14"}],"replies":[{"embeddable":true,"href":"https:\/\/www.ufp.pt\/en\/wp-json\/wp\/v2\/comments?post=1053860"}],"version-history":[{"count":13,"href":"https:\/\/www.ufp.pt\/en\/wp-json\/wp\/v2\/posts\/1053860\/revisions"}],"predecessor-version":[{"id":1053989,"href":"https:\/\/www.ufp.pt\/en\/wp-json\/wp\/v2\/posts\/1053860\/revisions\/1053989"}],"wp:featuredmedia":[{"embeddable":true,"href":"https:\/\/www.ufp.pt\/en\/wp-json\/wp\/v2\/media\/1053983"}],"wp:attachment":[{"href":"https:\/\/www.ufp.pt\/en\/wp-json\/wp\/v2\/media?parent=1053860"}],"wp:term":[{"taxonomy":"category","embeddable":true,"href":"https:\/\/www.ufp.pt\/en\/wp-json\/wp\/v2\/categories?post=1053860"},{"taxonomy":"post_tag","embeddable":true,"href":"https:\/\/www.ufp.pt\/en\/wp-json\/wp\/v2\/tags?post=1053860"}],"curies":[{"name":"wp","href":"https:\/\/api.w.org\/{rel}","templated":true}]}}