{"id":1054042,"date":"2026-04-16T14:45:43","date_gmt":"2026-04-16T14:45:43","guid":{"rendered":"https:\/\/www.ufp.pt\/?p=1054042"},"modified":"2026-04-22T14:46:37","modified_gmt":"2026-04-22T14:46:37","slug":"aula-aberta-em-comunicacao-em-contexto-academico-e-profissional-area-saude","status":"publish","type":"post","link":"https:\/\/www.ufp.pt\/en\/aula-aberta-em-comunicacao-em-contexto-academico-e-profissional-area-saude\/","title":{"rendered":"Open lecture on &quot;Communication in academic and professional contexts in the health field&quot;\u201c<br><small>May 15th \u2022 Free admission \u2022 Fernando Pessoa Room<\/small>"},"content":{"rendered":"<div data-elementor-type=\"wp-post\" data-elementor-id=\"1054042\" class=\"elementor elementor-1054042\" data-elementor-post-type=\"post\">\n\t\t\t\t<div class=\"elementor-element elementor-element-40b393e e-flex e-con-boxed e-con e-parent\" data-id=\"40b393e\" data-element_type=\"container\" data-e-type=\"container\">\n\t\t\t\t\t<div class=\"e-con-inner\">\n\t\t\t\t<div class=\"elementor-element elementor-element-f6bbc52 elementor-widget elementor-widget-text-editor\" data-id=\"f6bbc52\" data-element_type=\"widget\" data-e-type=\"widget\" data-widget_type=\"text-editor.default\">\n\t\t\t\t\t\t\t\t\t<p>On May 15th, between 11:00 AM and 11:45 AM, as part of the Speech Therapy degree program, an open lecture entitled &quot;Communication in academic and professional contexts in the health field&quot; will take place.<\/p><p>The class will take place in the Fernando Pessoa Room and will be taught by 4th-year Speech Therapy students Ana Sofia Silva, B\u00e1rbara Duarte, Simona Martorana, Magda Silva, and Ana Rita Cruz. This training aims to raise awareness among health science students about the importance of effective communication in academic and professional contexts, promoting an understanding of the communication process, different forms of communication, and their role in interaction with multidisciplinary teams, patients, and families.<\/p><p>The aim of the class is also to contribute to the development of skills related to the clear and assertive transmission of messages, active listening and empathy in interpersonal interactions, the distinction between verbal and non-verbal communication, as well as communication strategies in academic, professional and clinical contexts. Aspects related to therapeutic communication with users and families will also be addressed, as well as the importance of adapting the communicative environment, and there will be a brief introduction to Augmentative and Alternative Communication (AAC) systems.<\/p><p>The event is intended for students and teachers of undergraduate degrees in Biomedical Laboratory Sciences, Nutrition Sciences, Pharmaceutical Sciences, Nursing, Physiotherapy, Medicine, Dentistry, Psychology and Speech Therapy, from the second year of their studies onwards.<\/p><p>Entry will be free, on a first-come, first-served basis.<\/p>\t\t\t\t\t\t\t\t<\/div>\n\t\t\t\t\t<\/div>\n\t\t\t\t<\/div>\n\t\t<div class=\"elementor-element elementor-element-622fc35 e-flex e-con-boxed e-con e-parent\" data-id=\"622fc35\" data-element_type=\"container\" data-e-type=\"container\">\n\t\t\t\t\t<div class=\"e-con-inner\">\n\t\t\t\t<div class=\"elementor-element elementor-element-4c77472 elementor-widget elementor-widget-text-editor\" data-id=\"4c77472\" data-element_type=\"widget\" data-e-type=\"widget\" data-widget_type=\"text-editor.default\">\n\t\t\t\t\t\t\t\t\t<p><strong>Course content:<\/strong><\/p><ul><li>Message transmission process;<\/li><li>The importance of communication, active listening, and empathy;<\/li><li>Verbal communication;<\/li><li>Nonverbal communication;<\/li><li>Communication skills in academic and professional contexts;<\/li><li>Effective communication in teamwork;<\/li><li>Therapeutic communication with patients and their families;<\/li><li>Developing communication strategies;<\/li><li>Adaptation of the communicative environment;<\/li><li>Introduction to Augmentative and Alternative Communication (AAC).<\/li><\/ul>\t\t\t\t\t\t\t\t<\/div>\n\t\t\t\t\t<\/div>\n\t\t\t\t<\/div>\n\t\t\t\t<\/div>","protected":false},"excerpt":{"rendered":"<p>No dia 15 de maio, entre as 11h00 e as 11h45, no \u00e2mbito da Licenciatura em Terapia da Fala, ir\u00e1 realizar-se uma aula aberta intitulada \u201cComunica\u00e7\u00e3o em contexto acad\u00e9mico e profissional na \u00e1rea da sa\u00fade\u201d. A aula decorrer\u00e1 na Sala Fernando Pessoa, e ser\u00e1 dada pelas alunas de Terapia da Fala do 4\u00ba ano, Ana [&hellip;]<\/p>\n","protected":false},"author":14,"featured_media":1054044,"comment_status":"closed","ping_status":"closed","sticky":false,"template":"","format":"standard","meta":{"footnotes":""},"categories":[35],"tags":[],"class_list":["post-1054042","post","type-post","status-publish","format-standard","has-post-thumbnail","hentry","category-eventos"],"yoast_head":"<!-- This site is optimized with the Yoast SEO plugin v27.4 - https:\/\/yoast.com\/product\/yoast-seo-wordpress\/ -->\n<title>Aula aberta em &quot;Comunica\u00e7\u00e3o em contexto acad\u00e9mico e profissional na \u00e1rea da sa\u00fade&quot;15 de maio \u2022 Entrada gratuita \u2022 Sala Fernando Pessoa - Universidade Fernando Pessoa<\/title>\n<meta name=\"robots\" content=\"index, follow, max-snippet:-1, max-image-preview:large, max-video-preview:-1\" \/>\n<link rel=\"canonical\" href=\"https:\/\/www.ufp.pt\/en\/aula-aberta-em-comunicacao-em-contexto-academico-e-profissional-area-saude\/\" \/>\n<meta property=\"og:locale\" content=\"en_GB\" \/>\n<meta property=\"og:type\" content=\"article\" \/>\n<meta property=\"og:title\" content=\"Aula aberta em &quot;Comunica\u00e7\u00e3o em contexto acad\u00e9mico e profissional na \u00e1rea da sa\u00fade&quot;15 de maio \u2022 Entrada gratuita \u2022 Sala Fernando Pessoa - Universidade Fernando Pessoa\" \/>\n<meta property=\"og:description\" content=\"No dia 15 de maio, entre as 11h00 e as 11h45, no \u00e2mbito da Licenciatura em Terapia da Fala, ir\u00e1 realizar-se uma aula aberta intitulada \u201cComunica\u00e7\u00e3o em contexto acad\u00e9mico e profissional na \u00e1rea da sa\u00fade\u201d. A aula decorrer\u00e1 na Sala Fernando Pessoa, e ser\u00e1 dada pelas alunas de Terapia da Fala do 4\u00ba ano, Ana [&hellip;]\" \/>\n<meta property=\"og:url\" content=\"https:\/\/www.ufp.pt\/en\/aula-aberta-em-comunicacao-em-contexto-academico-e-profissional-area-saude\/\" \/>\n<meta property=\"og:site_name\" content=\"Universidade Fernando Pessoa\" \/>\n<meta property=\"article:publisher\" content=\"http:\/\/facebook.com\/universidadefernandopessoa\" \/>\n<meta property=\"article:published_time\" content=\"2026-04-16T14:45:43+00:00\" \/>\n<meta property=\"article:modified_time\" content=\"2026-04-22T14:46:37+00:00\" \/>\n<meta property=\"og:image\" content=\"https:\/\/www.ufp.pt\/wp-content\/uploads\/2026\/04\/Aula-Aberta-Comunicacao-em-contexto-academico.png\" \/>\n\t<meta property=\"og:image:width\" content=\"1424\" \/>\n\t<meta property=\"og:image:height\" content=\"748\" \/>\n\t<meta property=\"og:image:type\" content=\"image\/png\" \/>\n<meta name=\"author\" content=\"Joana Sousa\" \/>\n<meta name=\"twitter:card\" content=\"summary_large_image\" \/>\n<meta name=\"twitter:label1\" content=\"Written by\" \/>\n\t<meta name=\"twitter:data1\" content=\"Joana Sousa\" \/>\n\t<meta name=\"twitter:label2\" content=\"Est. reading time\" \/>\n\t<meta name=\"twitter:data2\" content=\"2 minutes\" \/>\n<script type=\"application\/ld+json\" class=\"yoast-schema-graph\">{\"@context\":\"https:\\\/\\\/schema.org\",\"@graph\":[{\"@type\":\"Article\",\"@id\":\"https:\\\/\\\/www.ufp.pt\\\/aula-aberta-em-comunicacao-em-contexto-academico-e-profissional-area-saude\\\/#article\",\"isPartOf\":{\"@id\":\"https:\\\/\\\/www.ufp.pt\\\/aula-aberta-em-comunicacao-em-contexto-academico-e-profissional-area-saude\\\/\"},\"author\":{\"name\":\"Joana Sousa\",\"@id\":\"http:\\\/\\\/new.ufp.pt\\\/#\\\/schema\\\/person\\\/72405de391c60df9a8c800600c643eef\"},\"headline\":\"Aula aberta em &#8220;Comunica\u00e7\u00e3o em contexto acad\u00e9mico e profissional na \u00e1rea da sa\u00fade&#8221; 15 de maio \u2022 Entrada gratuita \u2022 Sala Fernando Pessoa\",\"datePublished\":\"2026-04-16T14:45:43+00:00\",\"dateModified\":\"2026-04-22T14:46:37+00:00\",\"mainEntityOfPage\":{\"@id\":\"https:\\\/\\\/www.ufp.pt\\\/aula-aberta-em-comunicacao-em-contexto-academico-e-profissional-area-saude\\\/\"},\"wordCount\":373,\"publisher\":{\"@id\":\"http:\\\/\\\/new.ufp.pt\\\/#organization\"},\"image\":{\"@id\":\"https:\\\/\\\/www.ufp.pt\\\/aula-aberta-em-comunicacao-em-contexto-academico-e-profissional-area-saude\\\/#primaryimage\"},\"thumbnailUrl\":\"https:\\\/\\\/www.ufp.pt\\\/wp-content\\\/uploads\\\/2026\\\/04\\\/Aula-Aberta-Comunicacao-em-contexto-academico.png\",\"articleSection\":[\"Eventos\"],\"inLanguage\":\"en-GB\"},{\"@type\":\"WebPage\",\"@id\":\"https:\\\/\\\/www.ufp.pt\\\/aula-aberta-em-comunicacao-em-contexto-academico-e-profissional-area-saude\\\/\",\"url\":\"https:\\\/\\\/www.ufp.pt\\\/aula-aberta-em-comunicacao-em-contexto-academico-e-profissional-area-saude\\\/\",\"name\":\"Aula aberta em \\\"Comunica\u00e7\u00e3o em contexto acad\u00e9mico e profissional na \u00e1rea da sa\u00fade\\\" 15 de maio \u2022 Entrada gratuita \u2022 Sala Fernando Pessoa - Universidade Fernando Pessoa\",\"isPartOf\":{\"@id\":\"http:\\\/\\\/new.ufp.pt\\\/#website\"},\"primaryImageOfPage\":{\"@id\":\"https:\\\/\\\/www.ufp.pt\\\/aula-aberta-em-comunicacao-em-contexto-academico-e-profissional-area-saude\\\/#primaryimage\"},\"image\":{\"@id\":\"https:\\\/\\\/www.ufp.pt\\\/aula-aberta-em-comunicacao-em-contexto-academico-e-profissional-area-saude\\\/#primaryimage\"},\"thumbnailUrl\":\"https:\\\/\\\/www.ufp.pt\\\/wp-content\\\/uploads\\\/2026\\\/04\\\/Aula-Aberta-Comunicacao-em-contexto-academico.png\",\"datePublished\":\"2026-04-16T14:45:43+00:00\",\"dateModified\":\"2026-04-22T14:46:37+00:00\",\"breadcrumb\":{\"@id\":\"https:\\\/\\\/www.ufp.pt\\\/aula-aberta-em-comunicacao-em-contexto-academico-e-profissional-area-saude\\\/#breadcrumb\"},\"inLanguage\":\"en-GB\",\"potentialAction\":[{\"@type\":\"ReadAction\",\"target\":[\"https:\\\/\\\/www.ufp.pt\\\/aula-aberta-em-comunicacao-em-contexto-academico-e-profissional-area-saude\\\/\"]}]},{\"@type\":\"ImageObject\",\"inLanguage\":\"en-GB\",\"@id\":\"https:\\\/\\\/www.ufp.pt\\\/aula-aberta-em-comunicacao-em-contexto-academico-e-profissional-area-saude\\\/#primaryimage\",\"url\":\"https:\\\/\\\/www.ufp.pt\\\/wp-content\\\/uploads\\\/2026\\\/04\\\/Aula-Aberta-Comunicacao-em-contexto-academico.png\",\"contentUrl\":\"https:\\\/\\\/www.ufp.pt\\\/wp-content\\\/uploads\\\/2026\\\/04\\\/Aula-Aberta-Comunicacao-em-contexto-academico.png\",\"width\":1424,\"height\":748},{\"@type\":\"BreadcrumbList\",\"@id\":\"https:\\\/\\\/www.ufp.pt\\\/aula-aberta-em-comunicacao-em-contexto-academico-e-profissional-area-saude\\\/#breadcrumb\",\"itemListElement\":[{\"@type\":\"ListItem\",\"position\":1,\"name\":\"UFP\",\"item\":\"https:\\\/\\\/www.ufp.pt\\\/\"},{\"@type\":\"ListItem\",\"position\":2,\"name\":\"Aula aberta em &#8220;Comunica\u00e7\u00e3o em contexto acad\u00e9mico e profissional na \u00e1rea da sa\u00fade&#8221;15 de maio \u2022 Entrada gratuita \u2022 Sala Fernando Pessoa\"}]},{\"@type\":\"WebSite\",\"@id\":\"http:\\\/\\\/new.ufp.pt\\\/#website\",\"url\":\"http:\\\/\\\/new.ufp.pt\\\/\",\"name\":\"Universidade Fernando Pessoa\",\"description\":\"\",\"publisher\":{\"@id\":\"http:\\\/\\\/new.ufp.pt\\\/#organization\"},\"potentialAction\":[{\"@type\":\"SearchAction\",\"target\":{\"@type\":\"EntryPoint\",\"urlTemplate\":\"http:\\\/\\\/new.ufp.pt\\\/?s={search_term_string}\"},\"query-input\":{\"@type\":\"PropertyValueSpecification\",\"valueRequired\":true,\"valueName\":\"search_term_string\"}}],\"inLanguage\":\"en-GB\"},{\"@type\":\"Organization\",\"@id\":\"http:\\\/\\\/new.ufp.pt\\\/#organization\",\"name\":\"Universidade Fernando Pessoa\",\"alternateName\":\"UFP\",\"url\":\"http:\\\/\\\/new.ufp.pt\\\/\",\"logo\":{\"@type\":\"ImageObject\",\"inLanguage\":\"en-GB\",\"@id\":\"http:\\\/\\\/new.ufp.pt\\\/#\\\/schema\\\/logo\\\/image\\\/\",\"url\":\"https:\\\/\\\/www.ufp.pt\\\/wp-content\\\/uploads\\\/2025\\\/11\\\/02logo_ufp_site.svg\",\"contentUrl\":\"https:\\\/\\\/www.ufp.pt\\\/wp-content\\\/uploads\\\/2025\\\/11\\\/02logo_ufp_site.svg\",\"width\":1280,\"height\":1280,\"caption\":\"Universidade Fernando Pessoa\"},\"image\":{\"@id\":\"http:\\\/\\\/new.ufp.pt\\\/#\\\/schema\\\/logo\\\/image\\\/\"},\"sameAs\":[\"http:\\\/\\\/facebook.com\\\/universidadefernandopessoa\",\"https:\\\/\\\/www.instagram.com\\\/universidadefernandopessoa\\\/\",\"https:\\\/\\\/www.youtube.com\\\/channel\\\/UCgDBeiAe6LpnSzEQj6-TssA\",\"https:\\\/\\\/pt.linkedin.com\\\/school\\\/universidade-fernando-pessoa\\\/\"]},{\"@type\":\"Person\",\"@id\":\"http:\\\/\\\/new.ufp.pt\\\/#\\\/schema\\\/person\\\/72405de391c60df9a8c800600c643eef\",\"name\":\"Joana Sousa\",\"image\":{\"@type\":\"ImageObject\",\"inLanguage\":\"en-GB\",\"@id\":\"https:\\\/\\\/secure.gravatar.com\\\/avatar\\\/62a68c25a3c49a343e70157d12f788958b57a1bc2b9f97756d7b20a42a87751a?s=96&d=mm&r=g\",\"url\":\"https:\\\/\\\/secure.gravatar.com\\\/avatar\\\/62a68c25a3c49a343e70157d12f788958b57a1bc2b9f97756d7b20a42a87751a?s=96&d=mm&r=g\",\"contentUrl\":\"https:\\\/\\\/secure.gravatar.com\\\/avatar\\\/62a68c25a3c49a343e70157d12f788958b57a1bc2b9f97756d7b20a42a87751a?s=96&d=mm&r=g\",\"caption\":\"Joana Sousa\"},\"url\":\"https:\\\/\\\/www.ufp.pt\\\/en\\\/author\\\/joanagsousa\\\/\"}]}<\/script>\n<!-- \/ Yoast SEO plugin. -->","yoast_head_json":{"title":"Aula aberta em \"Comunica\u00e7\u00e3o em contexto acad\u00e9mico e profissional na \u00e1rea da sa\u00fade\"15 de maio \u2022 Entrada gratuita \u2022 Sala Fernando Pessoa - Universidade Fernando Pessoa","robots":{"index":"index","follow":"follow","max-snippet":"max-snippet:-1","max-image-preview":"max-image-preview:large","max-video-preview":"max-video-preview:-1"},"canonical":"https:\/\/www.ufp.pt\/en\/aula-aberta-em-comunicacao-em-contexto-academico-e-profissional-area-saude\/","og_locale":"en_GB","og_type":"article","og_title":"Aula aberta em \"Comunica\u00e7\u00e3o em contexto acad\u00e9mico e profissional na \u00e1rea da sa\u00fade\"15 de maio \u2022 Entrada gratuita \u2022 Sala Fernando Pessoa - Universidade Fernando Pessoa","og_description":"No dia 15 de maio, entre as 11h00 e as 11h45, no \u00e2mbito da Licenciatura em Terapia da Fala, ir\u00e1 realizar-se uma aula aberta intitulada \u201cComunica\u00e7\u00e3o em contexto acad\u00e9mico e profissional na \u00e1rea da sa\u00fade\u201d. A aula decorrer\u00e1 na Sala Fernando Pessoa, e ser\u00e1 dada pelas alunas de Terapia da Fala do 4\u00ba ano, Ana [&hellip;]","og_url":"https:\/\/www.ufp.pt\/en\/aula-aberta-em-comunicacao-em-contexto-academico-e-profissional-area-saude\/","og_site_name":"Universidade Fernando Pessoa","article_publisher":"http:\/\/facebook.com\/universidadefernandopessoa","article_published_time":"2026-04-16T14:45:43+00:00","article_modified_time":"2026-04-22T14:46:37+00:00","og_image":[{"width":1424,"height":748,"url":"https:\/\/www.ufp.pt\/wp-content\/uploads\/2026\/04\/Aula-Aberta-Comunicacao-em-contexto-academico.png","type":"image\/png"}],"author":"Joana Sousa","twitter_card":"summary_large_image","twitter_misc":{"Written by":"Joana Sousa","Est. reading time":"2 minutes"},"schema":{"@context":"https:\/\/schema.org","@graph":[{"@type":"Article","@id":"https:\/\/www.ufp.pt\/aula-aberta-em-comunicacao-em-contexto-academico-e-profissional-area-saude\/#article","isPartOf":{"@id":"https:\/\/www.ufp.pt\/aula-aberta-em-comunicacao-em-contexto-academico-e-profissional-area-saude\/"},"author":{"name":"Joana Sousa","@id":"http:\/\/new.ufp.pt\/#\/schema\/person\/72405de391c60df9a8c800600c643eef"},"headline":"Aula aberta em &#8220;Comunica\u00e7\u00e3o em contexto acad\u00e9mico e profissional na \u00e1rea da sa\u00fade&#8221; 15 de maio \u2022 Entrada gratuita \u2022 Sala Fernando Pessoa","datePublished":"2026-04-16T14:45:43+00:00","dateModified":"2026-04-22T14:46:37+00:00","mainEntityOfPage":{"@id":"https:\/\/www.ufp.pt\/aula-aberta-em-comunicacao-em-contexto-academico-e-profissional-area-saude\/"},"wordCount":373,"publisher":{"@id":"http:\/\/new.ufp.pt\/#organization"},"image":{"@id":"https:\/\/www.ufp.pt\/aula-aberta-em-comunicacao-em-contexto-academico-e-profissional-area-saude\/#primaryimage"},"thumbnailUrl":"https:\/\/www.ufp.pt\/wp-content\/uploads\/2026\/04\/Aula-Aberta-Comunicacao-em-contexto-academico.png","articleSection":["Eventos"],"inLanguage":"en-GB"},{"@type":"WebPage","@id":"https:\/\/www.ufp.pt\/aula-aberta-em-comunicacao-em-contexto-academico-e-profissional-area-saude\/","url":"https:\/\/www.ufp.pt\/aula-aberta-em-comunicacao-em-contexto-academico-e-profissional-area-saude\/","name":"Aula aberta em \"Comunica\u00e7\u00e3o em contexto acad\u00e9mico e profissional na \u00e1rea da sa\u00fade\" 15 de maio \u2022 Entrada gratuita \u2022 Sala Fernando Pessoa - Universidade Fernando Pessoa","isPartOf":{"@id":"http:\/\/new.ufp.pt\/#website"},"primaryImageOfPage":{"@id":"https:\/\/www.ufp.pt\/aula-aberta-em-comunicacao-em-contexto-academico-e-profissional-area-saude\/#primaryimage"},"image":{"@id":"https:\/\/www.ufp.pt\/aula-aberta-em-comunicacao-em-contexto-academico-e-profissional-area-saude\/#primaryimage"},"thumbnailUrl":"https:\/\/www.ufp.pt\/wp-content\/uploads\/2026\/04\/Aula-Aberta-Comunicacao-em-contexto-academico.png","datePublished":"2026-04-16T14:45:43+00:00","dateModified":"2026-04-22T14:46:37+00:00","breadcrumb":{"@id":"https:\/\/www.ufp.pt\/aula-aberta-em-comunicacao-em-contexto-academico-e-profissional-area-saude\/#breadcrumb"},"inLanguage":"en-GB","potentialAction":[{"@type":"ReadAction","target":["https:\/\/www.ufp.pt\/aula-aberta-em-comunicacao-em-contexto-academico-e-profissional-area-saude\/"]}]},{"@type":"ImageObject","inLanguage":"en-GB","@id":"https:\/\/www.ufp.pt\/aula-aberta-em-comunicacao-em-contexto-academico-e-profissional-area-saude\/#primaryimage","url":"https:\/\/www.ufp.pt\/wp-content\/uploads\/2026\/04\/Aula-Aberta-Comunicacao-em-contexto-academico.png","contentUrl":"https:\/\/www.ufp.pt\/wp-content\/uploads\/2026\/04\/Aula-Aberta-Comunicacao-em-contexto-academico.png","width":1424,"height":748},{"@type":"BreadcrumbList","@id":"https:\/\/www.ufp.pt\/aula-aberta-em-comunicacao-em-contexto-academico-e-profissional-area-saude\/#breadcrumb","itemListElement":[{"@type":"ListItem","position":1,"name":"UFP","item":"https:\/\/www.ufp.pt\/"},{"@type":"ListItem","position":2,"name":"Aula aberta em &#8220;Comunica\u00e7\u00e3o em contexto acad\u00e9mico e profissional na \u00e1rea da sa\u00fade&#8221;15 de maio \u2022 Entrada gratuita \u2022 Sala Fernando Pessoa"}]},{"@type":"WebSite","@id":"http:\/\/new.ufp.pt\/#website","url":"http:\/\/new.ufp.pt\/","name":"Fernando Pessoa University","description":"","publisher":{"@id":"http:\/\/new.ufp.pt\/#organization"},"potentialAction":[{"@type":"SearchAction","target":{"@type":"EntryPoint","urlTemplate":"http:\/\/new.ufp.pt\/?s={search_term_string}"},"query-input":{"@type":"PropertyValueSpecification","valueRequired":true,"valueName":"search_term_string"}}],"inLanguage":"en-GB"},{"@type":"Organization","@id":"http:\/\/new.ufp.pt\/#organization","name":"Fernando Pessoa University","alternateName":"UFP","url":"http:\/\/new.ufp.pt\/","logo":{"@type":"ImageObject","inLanguage":"en-GB","@id":"http:\/\/new.ufp.pt\/#\/schema\/logo\/image\/","url":"https:\/\/www.ufp.pt\/wp-content\/uploads\/2025\/11\/02logo_ufp_site.svg","contentUrl":"https:\/\/www.ufp.pt\/wp-content\/uploads\/2025\/11\/02logo_ufp_site.svg","width":1280,"height":1280,"caption":"Universidade Fernando Pessoa"},"image":{"@id":"http:\/\/new.ufp.pt\/#\/schema\/logo\/image\/"},"sameAs":["http:\/\/facebook.com\/universidadefernandopessoa","https:\/\/www.instagram.com\/universidadefernandopessoa\/","https:\/\/www.youtube.com\/channel\/UCgDBeiAe6LpnSzEQj6-TssA","https:\/\/pt.linkedin.com\/school\/universidade-fernando-pessoa\/"]},{"@type":"Person","@id":"http:\/\/new.ufp.pt\/#\/schema\/person\/72405de391c60df9a8c800600c643eef","name":"Joana Sousa","image":{"@type":"ImageObject","inLanguage":"en-GB","@id":"https:\/\/secure.gravatar.com\/avatar\/62a68c25a3c49a343e70157d12f788958b57a1bc2b9f97756d7b20a42a87751a?s=96&d=mm&r=g","url":"https:\/\/secure.gravatar.com\/avatar\/62a68c25a3c49a343e70157d12f788958b57a1bc2b9f97756d7b20a42a87751a?s=96&d=mm&r=g","contentUrl":"https:\/\/secure.gravatar.com\/avatar\/62a68c25a3c49a343e70157d12f788958b57a1bc2b9f97756d7b20a42a87751a?s=96&d=mm&r=g","caption":"Joana Sousa"},"url":"https:\/\/www.ufp.pt\/en\/author\/joanagsousa\/"}]}},"_links":{"self":[{"href":"https:\/\/www.ufp.pt\/en\/wp-json\/wp\/v2\/posts\/1054042","targetHints":{"allow":["GET"]}}],"collection":[{"href":"https:\/\/www.ufp.pt\/en\/wp-json\/wp\/v2\/posts"}],"about":[{"href":"https:\/\/www.ufp.pt\/en\/wp-json\/wp\/v2\/types\/post"}],"author":[{"embeddable":true,"href":"https:\/\/www.ufp.pt\/en\/wp-json\/wp\/v2\/users\/14"}],"replies":[{"embeddable":true,"href":"https:\/\/www.ufp.pt\/en\/wp-json\/wp\/v2\/comments?post=1054042"}],"version-history":[{"count":25,"href":"https:\/\/www.ufp.pt\/en\/wp-json\/wp\/v2\/posts\/1054042\/revisions"}],"predecessor-version":[{"id":1054950,"href":"https:\/\/www.ufp.pt\/en\/wp-json\/wp\/v2\/posts\/1054042\/revisions\/1054950"}],"wp:featuredmedia":[{"embeddable":true,"href":"https:\/\/www.ufp.pt\/en\/wp-json\/wp\/v2\/media\/1054044"}],"wp:attachment":[{"href":"https:\/\/www.ufp.pt\/en\/wp-json\/wp\/v2\/media?parent=1054042"}],"wp:term":[{"taxonomy":"category","embeddable":true,"href":"https:\/\/www.ufp.pt\/en\/wp-json\/wp\/v2\/categories?post=1054042"},{"taxonomy":"post_tag","embeddable":true,"href":"https:\/\/www.ufp.pt\/en\/wp-json\/wp\/v2\/tags?post=1054042"}],"curies":[{"name":"wp","href":"https:\/\/api.w.org\/{rel}","templated":true}]}}