{"id":1054205,"date":"2026-04-17T08:29:26","date_gmt":"2026-04-17T08:29:26","guid":{"rendered":"https:\/\/www.ufp.pt\/?p=1054205"},"modified":"2026-04-20T14:45:15","modified_gmt":"2026-04-20T14:45:15","slug":"alunas-psicologia-congresso-internacional","status":"publish","type":"post","link":"https:\/\/www.ufp.pt\/en\/alunas-psicologia-congresso-internacional\/","title":{"rendered":"Psychology students participate in the II International Congress \u201cEducating for Freedom\u201d in Matosinhos."},"content":{"rendered":"<div data-elementor-type=\"wp-post\" data-elementor-id=\"1054205\" class=\"elementor elementor-1054205\" data-elementor-post-type=\"post\">\n\t\t\t\t<div class=\"elementor-element elementor-element-bb09e83 e-flex e-con-boxed e-con e-parent\" data-id=\"bb09e83\" data-element_type=\"container\" data-e-type=\"container\">\n\t\t\t\t\t<div class=\"e-con-inner\">\n\t\t\t\t<div class=\"elementor-element elementor-element-8bcd4f7 elementor-widget elementor-widget-text-editor\" data-id=\"8bcd4f7\" data-element_type=\"widget\" data-e-type=\"widget\" data-widget_type=\"text-editor.default\">\n\t\t\t\t\t\t\t\t\t<p>Between April 8th and 10th, first-cycle students in Psychology and second-cycle students in Forensic Psychology attended the II International Congress \u201cEducating for Freedom,\u201d which took place in Matosinhos. The congress was organized by the Portuguese Association for Education in Prisons, in partnership with the Matosinhos City Council, the Training Center of the Matosinhos Schools Association, the Jo\u00e3o Gon\u00e7alves Zarco Secondary School, the University of Tr\u00e1s-os-Montes and Alto Douro, the Open University, and the Fernando Pessoa University, with the main objective of promoting debate and the sharing of best practices in the field of education in a prison context.<\/p><p>The event took place at the former Vasco da Gama Canning Factory complex and brought together researchers, prison system professionals, teachers, policymakers, and representatives of national and international organizations, with the aim of reflecting on the role of education in the social reintegration of incarcerated individuals. Two undergraduate students in Psychology, involved in a project being developed at UFP by lecturers Rute Meneses, Carla Barros, and Ana Sani, participated in the congress.<\/p><p>In turn, seven second-cycle students in Psychology of Justice had the opportunity to present work developed within the scope of the curricular units of Community Assessment and Intervention and Psychological Assessment and Intervention in Groups, highlighting the academic work carried out throughout the semester. The students were accompanied by professors Gloria J\u00f3lluskin and Rute Meneses, responsible for the respective curricular units, who supported and guided the entire process of preparing and presenting the work. The presentations addressed different relevant themes in the field of Psychology, contributing to the debate and sharing of knowledge in the context of the congress.<\/p><p>Also noteworthy is the participation of Professor Gloria J\u00f3lluskin in the Organizing Committee of the congress, who was also invited to give an oral presentation, reinforcing the institution&#039;s active contribution to the reflection and promotion of education in prison contexts, within the scope of Criminology and Psychology of Justice. Participation in this congress represented an important opportunity for academic and personal enrichment, allowing students to connect with professionals and researchers, as well as to integrate into a space for reflection on education, freedom, and psychological intervention.<\/p>\t\t\t\t\t\t\t\t<\/div>\n\t\t\t\t\t<\/div>\n\t\t\t\t<\/div>\n\t\t\t\t<\/div>","protected":false},"excerpt":{"rendered":"<p>Entre os dias 8 e 10 de abril, alunas do 1.\u00ba ciclo de estudos em Psicologia e do 2.\u00ba ciclo em Psicologia da Justi\u00e7a, marcaram presen\u00e7a no II Congresso Internacional \u201cEducar para a Liberdade\u201d, que decorreu em Matosinhos. O congresso foi organizado pela Associa\u00e7\u00e3o Portuguesa de Educa\u00e7\u00e3o nas Pris\u00f5es, em parceria com a C\u00e2mara Municipal [&hellip;]<\/p>\n","protected":false},"author":14,"featured_media":1054206,"comment_status":"closed","ping_status":"closed","sticky":false,"template":"","format":"standard","meta":{"footnotes":""},"categories":[6],"tags":[],"class_list":["post-1054205","post","type-post","status-publish","format-standard","has-post-thumbnail","hentry","category-noticias"],"yoast_head":"<!-- This site is optimized with the Yoast SEO plugin v27.4 - https:\/\/yoast.com\/product\/yoast-seo-wordpress\/ -->\n<title>Alunas de Psicologia participam no II Congresso Internacional \u201cEducar para a Liberdade\u201d em Matosinhos - Universidade Fernando Pessoa<\/title>\n<meta name=\"robots\" content=\"index, follow, max-snippet:-1, max-image-preview:large, max-video-preview:-1\" \/>\n<link rel=\"canonical\" href=\"https:\/\/www.ufp.pt\/en\/alunas-psicologia-congresso-internacional\/\" \/>\n<meta property=\"og:locale\" content=\"en_GB\" \/>\n<meta property=\"og:type\" content=\"article\" \/>\n<meta property=\"og:title\" content=\"Alunas de Psicologia participam no II Congresso Internacional \u201cEducar para a Liberdade\u201d em Matosinhos - Universidade Fernando Pessoa\" \/>\n<meta property=\"og:description\" content=\"Entre os dias 8 e 10 de abril, alunas do 1.\u00ba ciclo de estudos em Psicologia e do 2.\u00ba ciclo em Psicologia da Justi\u00e7a, marcaram presen\u00e7a no II Congresso Internacional \u201cEducar para a Liberdade\u201d, que decorreu em Matosinhos. O congresso foi organizado pela Associa\u00e7\u00e3o Portuguesa de Educa\u00e7\u00e3o nas Pris\u00f5es, em parceria com a C\u00e2mara Municipal [&hellip;]\" \/>\n<meta property=\"og:url\" content=\"https:\/\/www.ufp.pt\/en\/alunas-psicologia-congresso-internacional\/\" \/>\n<meta property=\"og:site_name\" content=\"Universidade Fernando Pessoa\" \/>\n<meta property=\"article:publisher\" content=\"http:\/\/facebook.com\/universidadefernandopessoa\" \/>\n<meta property=\"article:published_time\" content=\"2026-04-17T08:29:26+00:00\" \/>\n<meta property=\"article:modified_time\" content=\"2026-04-20T14:45:15+00:00\" \/>\n<meta property=\"og:image\" content=\"https:\/\/www.ufp.pt\/wp-content\/uploads\/2026\/04\/psicologia-II-congresso.png\" \/>\n\t<meta property=\"og:image:width\" content=\"1424\" \/>\n\t<meta property=\"og:image:height\" content=\"748\" \/>\n\t<meta property=\"og:image:type\" content=\"image\/png\" \/>\n<meta name=\"author\" content=\"Joana Sousa\" \/>\n<meta name=\"twitter:card\" content=\"summary_large_image\" \/>\n<meta name=\"twitter:label1\" content=\"Written by\" \/>\n\t<meta name=\"twitter:data1\" content=\"Joana Sousa\" \/>\n\t<meta name=\"twitter:label2\" content=\"Est. reading time\" \/>\n\t<meta name=\"twitter:data2\" content=\"3 minutes\" \/>\n<script type=\"application\/ld+json\" class=\"yoast-schema-graph\">{\"@context\":\"https:\\\/\\\/schema.org\",\"@graph\":[{\"@type\":\"Article\",\"@id\":\"https:\\\/\\\/www.ufp.pt\\\/alunas-psicologia-congresso-internacional\\\/#article\",\"isPartOf\":{\"@id\":\"https:\\\/\\\/www.ufp.pt\\\/alunas-psicologia-congresso-internacional\\\/\"},\"author\":{\"name\":\"Joana Sousa\",\"@id\":\"http:\\\/\\\/new.ufp.pt\\\/#\\\/schema\\\/person\\\/72405de391c60df9a8c800600c643eef\"},\"headline\":\"Alunas de Psicologia participam no II Congresso Internacional \u201cEducar para a Liberdade\u201d em Matosinhos\",\"datePublished\":\"2026-04-17T08:29:26+00:00\",\"dateModified\":\"2026-04-20T14:45:15+00:00\",\"mainEntityOfPage\":{\"@id\":\"https:\\\/\\\/www.ufp.pt\\\/alunas-psicologia-congresso-internacional\\\/\"},\"wordCount\":425,\"publisher\":{\"@id\":\"http:\\\/\\\/new.ufp.pt\\\/#organization\"},\"image\":{\"@id\":\"https:\\\/\\\/www.ufp.pt\\\/alunas-psicologia-congresso-internacional\\\/#primaryimage\"},\"thumbnailUrl\":\"https:\\\/\\\/www.ufp.pt\\\/wp-content\\\/uploads\\\/2026\\\/04\\\/psicologia-II-congresso.png\",\"articleSection\":[\"Not\u00edcias\"],\"inLanguage\":\"en-GB\"},{\"@type\":\"WebPage\",\"@id\":\"https:\\\/\\\/www.ufp.pt\\\/alunas-psicologia-congresso-internacional\\\/\",\"url\":\"https:\\\/\\\/www.ufp.pt\\\/alunas-psicologia-congresso-internacional\\\/\",\"name\":\"Alunas de Psicologia participam no II Congresso Internacional \u201cEducar para a Liberdade\u201d em Matosinhos - Universidade Fernando Pessoa\",\"isPartOf\":{\"@id\":\"http:\\\/\\\/new.ufp.pt\\\/#website\"},\"primaryImageOfPage\":{\"@id\":\"https:\\\/\\\/www.ufp.pt\\\/alunas-psicologia-congresso-internacional\\\/#primaryimage\"},\"image\":{\"@id\":\"https:\\\/\\\/www.ufp.pt\\\/alunas-psicologia-congresso-internacional\\\/#primaryimage\"},\"thumbnailUrl\":\"https:\\\/\\\/www.ufp.pt\\\/wp-content\\\/uploads\\\/2026\\\/04\\\/psicologia-II-congresso.png\",\"datePublished\":\"2026-04-17T08:29:26+00:00\",\"dateModified\":\"2026-04-20T14:45:15+00:00\",\"breadcrumb\":{\"@id\":\"https:\\\/\\\/www.ufp.pt\\\/alunas-psicologia-congresso-internacional\\\/#breadcrumb\"},\"inLanguage\":\"en-GB\",\"potentialAction\":[{\"@type\":\"ReadAction\",\"target\":[\"https:\\\/\\\/www.ufp.pt\\\/alunas-psicologia-congresso-internacional\\\/\"]}]},{\"@type\":\"ImageObject\",\"inLanguage\":\"en-GB\",\"@id\":\"https:\\\/\\\/www.ufp.pt\\\/alunas-psicologia-congresso-internacional\\\/#primaryimage\",\"url\":\"https:\\\/\\\/www.ufp.pt\\\/wp-content\\\/uploads\\\/2026\\\/04\\\/psicologia-II-congresso.png\",\"contentUrl\":\"https:\\\/\\\/www.ufp.pt\\\/wp-content\\\/uploads\\\/2026\\\/04\\\/psicologia-II-congresso.png\",\"width\":1424,\"height\":748},{\"@type\":\"BreadcrumbList\",\"@id\":\"https:\\\/\\\/www.ufp.pt\\\/alunas-psicologia-congresso-internacional\\\/#breadcrumb\",\"itemListElement\":[{\"@type\":\"ListItem\",\"position\":1,\"name\":\"UFP\",\"item\":\"https:\\\/\\\/www.ufp.pt\\\/\"},{\"@type\":\"ListItem\",\"position\":2,\"name\":\"Alunas de Psicologia participam no II Congresso Internacional \u201cEducar para a Liberdade\u201d em Matosinhos\"}]},{\"@type\":\"WebSite\",\"@id\":\"http:\\\/\\\/new.ufp.pt\\\/#website\",\"url\":\"http:\\\/\\\/new.ufp.pt\\\/\",\"name\":\"Universidade Fernando Pessoa\",\"description\":\"\",\"publisher\":{\"@id\":\"http:\\\/\\\/new.ufp.pt\\\/#organization\"},\"potentialAction\":[{\"@type\":\"SearchAction\",\"target\":{\"@type\":\"EntryPoint\",\"urlTemplate\":\"http:\\\/\\\/new.ufp.pt\\\/?s={search_term_string}\"},\"query-input\":{\"@type\":\"PropertyValueSpecification\",\"valueRequired\":true,\"valueName\":\"search_term_string\"}}],\"inLanguage\":\"en-GB\"},{\"@type\":\"Organization\",\"@id\":\"http:\\\/\\\/new.ufp.pt\\\/#organization\",\"name\":\"Universidade Fernando Pessoa\",\"alternateName\":\"UFP\",\"url\":\"http:\\\/\\\/new.ufp.pt\\\/\",\"logo\":{\"@type\":\"ImageObject\",\"inLanguage\":\"en-GB\",\"@id\":\"http:\\\/\\\/new.ufp.pt\\\/#\\\/schema\\\/logo\\\/image\\\/\",\"url\":\"https:\\\/\\\/www.ufp.pt\\\/wp-content\\\/uploads\\\/2025\\\/11\\\/02logo_ufp_site.svg\",\"contentUrl\":\"https:\\\/\\\/www.ufp.pt\\\/wp-content\\\/uploads\\\/2025\\\/11\\\/02logo_ufp_site.svg\",\"width\":1280,\"height\":1280,\"caption\":\"Universidade Fernando Pessoa\"},\"image\":{\"@id\":\"http:\\\/\\\/new.ufp.pt\\\/#\\\/schema\\\/logo\\\/image\\\/\"},\"sameAs\":[\"http:\\\/\\\/facebook.com\\\/universidadefernandopessoa\",\"https:\\\/\\\/www.instagram.com\\\/universidadefernandopessoa\\\/\",\"https:\\\/\\\/www.youtube.com\\\/channel\\\/UCgDBeiAe6LpnSzEQj6-TssA\",\"https:\\\/\\\/pt.linkedin.com\\\/school\\\/universidade-fernando-pessoa\\\/\"]},{\"@type\":\"Person\",\"@id\":\"http:\\\/\\\/new.ufp.pt\\\/#\\\/schema\\\/person\\\/72405de391c60df9a8c800600c643eef\",\"name\":\"Joana Sousa\",\"image\":{\"@type\":\"ImageObject\",\"inLanguage\":\"en-GB\",\"@id\":\"https:\\\/\\\/secure.gravatar.com\\\/avatar\\\/62a68c25a3c49a343e70157d12f788958b57a1bc2b9f97756d7b20a42a87751a?s=96&d=mm&r=g\",\"url\":\"https:\\\/\\\/secure.gravatar.com\\\/avatar\\\/62a68c25a3c49a343e70157d12f788958b57a1bc2b9f97756d7b20a42a87751a?s=96&d=mm&r=g\",\"contentUrl\":\"https:\\\/\\\/secure.gravatar.com\\\/avatar\\\/62a68c25a3c49a343e70157d12f788958b57a1bc2b9f97756d7b20a42a87751a?s=96&d=mm&r=g\",\"caption\":\"Joana Sousa\"},\"url\":\"https:\\\/\\\/www.ufp.pt\\\/en\\\/author\\\/joanagsousa\\\/\"}]}<\/script>\n<!-- \/ Yoast SEO plugin. -->","yoast_head_json":{"title":"Alunas de Psicologia participam no II Congresso Internacional \u201cEducar para a Liberdade\u201d em Matosinhos - Universidade Fernando Pessoa","robots":{"index":"index","follow":"follow","max-snippet":"max-snippet:-1","max-image-preview":"max-image-preview:large","max-video-preview":"max-video-preview:-1"},"canonical":"https:\/\/www.ufp.pt\/en\/alunas-psicologia-congresso-internacional\/","og_locale":"en_GB","og_type":"article","og_title":"Alunas de Psicologia participam no II Congresso Internacional \u201cEducar para a Liberdade\u201d em Matosinhos - Universidade Fernando Pessoa","og_description":"Entre os dias 8 e 10 de abril, alunas do 1.\u00ba ciclo de estudos em Psicologia e do 2.\u00ba ciclo em Psicologia da Justi\u00e7a, marcaram presen\u00e7a no II Congresso Internacional \u201cEducar para a Liberdade\u201d, que decorreu em Matosinhos. O congresso foi organizado pela Associa\u00e7\u00e3o Portuguesa de Educa\u00e7\u00e3o nas Pris\u00f5es, em parceria com a C\u00e2mara Municipal [&hellip;]","og_url":"https:\/\/www.ufp.pt\/en\/alunas-psicologia-congresso-internacional\/","og_site_name":"Universidade Fernando Pessoa","article_publisher":"http:\/\/facebook.com\/universidadefernandopessoa","article_published_time":"2026-04-17T08:29:26+00:00","article_modified_time":"2026-04-20T14:45:15+00:00","og_image":[{"width":1424,"height":748,"url":"https:\/\/www.ufp.pt\/wp-content\/uploads\/2026\/04\/psicologia-II-congresso.png","type":"image\/png"}],"author":"Joana Sousa","twitter_card":"summary_large_image","twitter_misc":{"Written by":"Joana Sousa","Est. reading time":"3 minutes"},"schema":{"@context":"https:\/\/schema.org","@graph":[{"@type":"Article","@id":"https:\/\/www.ufp.pt\/alunas-psicologia-congresso-internacional\/#article","isPartOf":{"@id":"https:\/\/www.ufp.pt\/alunas-psicologia-congresso-internacional\/"},"author":{"name":"Joana Sousa","@id":"http:\/\/new.ufp.pt\/#\/schema\/person\/72405de391c60df9a8c800600c643eef"},"headline":"Alunas de Psicologia participam no II Congresso Internacional \u201cEducar para a Liberdade\u201d em Matosinhos","datePublished":"2026-04-17T08:29:26+00:00","dateModified":"2026-04-20T14:45:15+00:00","mainEntityOfPage":{"@id":"https:\/\/www.ufp.pt\/alunas-psicologia-congresso-internacional\/"},"wordCount":425,"publisher":{"@id":"http:\/\/new.ufp.pt\/#organization"},"image":{"@id":"https:\/\/www.ufp.pt\/alunas-psicologia-congresso-internacional\/#primaryimage"},"thumbnailUrl":"https:\/\/www.ufp.pt\/wp-content\/uploads\/2026\/04\/psicologia-II-congresso.png","articleSection":["Not\u00edcias"],"inLanguage":"en-GB"},{"@type":"WebPage","@id":"https:\/\/www.ufp.pt\/alunas-psicologia-congresso-internacional\/","url":"https:\/\/www.ufp.pt\/alunas-psicologia-congresso-internacional\/","name":"Alunas de Psicologia participam no II Congresso Internacional \u201cEducar para a Liberdade\u201d em Matosinhos - Universidade Fernando Pessoa","isPartOf":{"@id":"http:\/\/new.ufp.pt\/#website"},"primaryImageOfPage":{"@id":"https:\/\/www.ufp.pt\/alunas-psicologia-congresso-internacional\/#primaryimage"},"image":{"@id":"https:\/\/www.ufp.pt\/alunas-psicologia-congresso-internacional\/#primaryimage"},"thumbnailUrl":"https:\/\/www.ufp.pt\/wp-content\/uploads\/2026\/04\/psicologia-II-congresso.png","datePublished":"2026-04-17T08:29:26+00:00","dateModified":"2026-04-20T14:45:15+00:00","breadcrumb":{"@id":"https:\/\/www.ufp.pt\/alunas-psicologia-congresso-internacional\/#breadcrumb"},"inLanguage":"en-GB","potentialAction":[{"@type":"ReadAction","target":["https:\/\/www.ufp.pt\/alunas-psicologia-congresso-internacional\/"]}]},{"@type":"ImageObject","inLanguage":"en-GB","@id":"https:\/\/www.ufp.pt\/alunas-psicologia-congresso-internacional\/#primaryimage","url":"https:\/\/www.ufp.pt\/wp-content\/uploads\/2026\/04\/psicologia-II-congresso.png","contentUrl":"https:\/\/www.ufp.pt\/wp-content\/uploads\/2026\/04\/psicologia-II-congresso.png","width":1424,"height":748},{"@type":"BreadcrumbList","@id":"https:\/\/www.ufp.pt\/alunas-psicologia-congresso-internacional\/#breadcrumb","itemListElement":[{"@type":"ListItem","position":1,"name":"UFP","item":"https:\/\/www.ufp.pt\/"},{"@type":"ListItem","position":2,"name":"Alunas de Psicologia participam no II Congresso Internacional \u201cEducar para a Liberdade\u201d em Matosinhos"}]},{"@type":"WebSite","@id":"http:\/\/new.ufp.pt\/#website","url":"http:\/\/new.ufp.pt\/","name":"Fernando Pessoa University","description":"","publisher":{"@id":"http:\/\/new.ufp.pt\/#organization"},"potentialAction":[{"@type":"SearchAction","target":{"@type":"EntryPoint","urlTemplate":"http:\/\/new.ufp.pt\/?s={search_term_string}"},"query-input":{"@type":"PropertyValueSpecification","valueRequired":true,"valueName":"search_term_string"}}],"inLanguage":"en-GB"},{"@type":"Organization","@id":"http:\/\/new.ufp.pt\/#organization","name":"Fernando Pessoa University","alternateName":"UFP","url":"http:\/\/new.ufp.pt\/","logo":{"@type":"ImageObject","inLanguage":"en-GB","@id":"http:\/\/new.ufp.pt\/#\/schema\/logo\/image\/","url":"https:\/\/www.ufp.pt\/wp-content\/uploads\/2025\/11\/02logo_ufp_site.svg","contentUrl":"https:\/\/www.ufp.pt\/wp-content\/uploads\/2025\/11\/02logo_ufp_site.svg","width":1280,"height":1280,"caption":"Universidade Fernando Pessoa"},"image":{"@id":"http:\/\/new.ufp.pt\/#\/schema\/logo\/image\/"},"sameAs":["http:\/\/facebook.com\/universidadefernandopessoa","https:\/\/www.instagram.com\/universidadefernandopessoa\/","https:\/\/www.youtube.com\/channel\/UCgDBeiAe6LpnSzEQj6-TssA","https:\/\/pt.linkedin.com\/school\/universidade-fernando-pessoa\/"]},{"@type":"Person","@id":"http:\/\/new.ufp.pt\/#\/schema\/person\/72405de391c60df9a8c800600c643eef","name":"Joana Sousa","image":{"@type":"ImageObject","inLanguage":"en-GB","@id":"https:\/\/secure.gravatar.com\/avatar\/62a68c25a3c49a343e70157d12f788958b57a1bc2b9f97756d7b20a42a87751a?s=96&d=mm&r=g","url":"https:\/\/secure.gravatar.com\/avatar\/62a68c25a3c49a343e70157d12f788958b57a1bc2b9f97756d7b20a42a87751a?s=96&d=mm&r=g","contentUrl":"https:\/\/secure.gravatar.com\/avatar\/62a68c25a3c49a343e70157d12f788958b57a1bc2b9f97756d7b20a42a87751a?s=96&d=mm&r=g","caption":"Joana Sousa"},"url":"https:\/\/www.ufp.pt\/en\/author\/joanagsousa\/"}]}},"_links":{"self":[{"href":"https:\/\/www.ufp.pt\/en\/wp-json\/wp\/v2\/posts\/1054205","targetHints":{"allow":["GET"]}}],"collection":[{"href":"https:\/\/www.ufp.pt\/en\/wp-json\/wp\/v2\/posts"}],"about":[{"href":"https:\/\/www.ufp.pt\/en\/wp-json\/wp\/v2\/types\/post"}],"author":[{"embeddable":true,"href":"https:\/\/www.ufp.pt\/en\/wp-json\/wp\/v2\/users\/14"}],"replies":[{"embeddable":true,"href":"https:\/\/www.ufp.pt\/en\/wp-json\/wp\/v2\/comments?post=1054205"}],"version-history":[{"count":8,"href":"https:\/\/www.ufp.pt\/en\/wp-json\/wp\/v2\/posts\/1054205\/revisions"}],"predecessor-version":[{"id":1054214,"href":"https:\/\/www.ufp.pt\/en\/wp-json\/wp\/v2\/posts\/1054205\/revisions\/1054214"}],"wp:featuredmedia":[{"embeddable":true,"href":"https:\/\/www.ufp.pt\/en\/wp-json\/wp\/v2\/media\/1054206"}],"wp:attachment":[{"href":"https:\/\/www.ufp.pt\/en\/wp-json\/wp\/v2\/media?parent=1054205"}],"wp:term":[{"taxonomy":"category","embeddable":true,"href":"https:\/\/www.ufp.pt\/en\/wp-json\/wp\/v2\/categories?post=1054205"},{"taxonomy":"post_tag","embeddable":true,"href":"https:\/\/www.ufp.pt\/en\/wp-json\/wp\/v2\/tags?post=1054205"}],"curies":[{"name":"wp","href":"https:\/\/api.w.org\/{rel}","templated":true}]}}