{"id":1054515,"date":"2026-04-20T08:45:54","date_gmt":"2026-04-20T08:45:54","guid":{"rendered":"https:\/\/www.ufp.pt\/?p=1054515"},"modified":"2026-04-20T14:45:11","modified_gmt":"2026-04-20T14:45:11","slug":"vii-edicao-das-jornadas-do-ceca","status":"publish","type":"post","link":"https:\/\/www.ufp.pt\/en\/vii-edicao-das-jornadas-do-ceca\/","title":{"rendered":"The 7th edition of the CECA Conference took place on April 10th."},"content":{"rendered":"<div data-elementor-type=\"wp-post\" data-elementor-id=\"1054515\" class=\"elementor elementor-1054515\" data-elementor-post-type=\"post\">\n\t\t\t\t<div class=\"elementor-element elementor-element-17ed458 e-flex e-con-boxed e-con e-parent\" data-id=\"17ed458\" data-element_type=\"container\" data-e-type=\"container\">\n\t\t\t\t\t<div class=\"e-con-inner\">\n\t\t\t\t<div class=\"elementor-element elementor-element-e89a292 elementor-widget elementor-widget-text-editor\" data-id=\"e89a292\" data-element_type=\"widget\" data-e-type=\"widget\" data-widget_type=\"text-editor.default\">\n\t\t\t\t\t\t\t\t\t<p>Last Friday, April 10th, the 7th edition of the Center for Studies in Animal Science (CECA) Conference took place in the Auditorium of the Trofa Sa\u00fade Hospital \u2013 Escola Fernando Pessoa, in Gondomar.<\/p><p>The event brought together researchers, teachers, and institutional partners for a moment of sharing and reflection on the research and innovation developed within the scope of CECA.<\/p><p>The opening session was attended by institutional representatives, reflecting the relevance and growing recognition of this unit. Throughout the day, various research initiatives and projects were presented, and the challenges and opportunities associated with the unit&#039;s restructuring were discussed.<\/p><p>Of particular note in this context is the integration of CECA into the Fernando Pessoa Foundation, a strategic step that reinforces its institutional positioning and enhances the development of synergies in the areas of science, innovation, and health.<\/p><p>The conference culminated with the Executive Council meeting and the closing session, consolidating this event as a privileged space for scientific sharing and building the future.<\/p>\t\t\t\t\t\t\t\t<\/div>\n\t\t\t\t\t<\/div>\n\t\t\t\t<\/div>\n\t\t<div class=\"elementor-element elementor-element-2d544d8 e-flex e-con-boxed e-con e-parent\" data-id=\"2d544d8\" data-element_type=\"container\" data-e-type=\"container\">\n\t\t\t\t\t<div class=\"e-con-inner\">\n\t\t\t\t<div class=\"elementor-element elementor-element-e554142 elementor-widget elementor-widget-image\" data-id=\"e554142\" data-element_type=\"widget\" data-e-type=\"widget\" data-widget_type=\"image.default\">\n\t\t\t\t\t\t\t\t\t\t\t\t\t\t\t<img decoding=\"async\" src=\"https:\/\/www.ufp.pt\/wp-content\/uploads\/2026\/04\/VII-Jornadas-do-CECA-5-1.png\" title=\"VII CECA 5 Conference\" alt=\"VII Jornadas do CECA 5\" loading=\"lazy\" \/>\t\t\t\t\t\t\t\t\t\t\t\t\t\t\t<\/div>\n\t\t\t\t\t<\/div>\n\t\t\t\t<\/div>\n\t\t<div class=\"elementor-element elementor-element-41e016f e-flex e-con-boxed e-con e-parent\" data-id=\"41e016f\" data-element_type=\"container\" data-e-type=\"container\">\n\t\t\t\t\t<div class=\"e-con-inner\">\n\t\t\t\t<div class=\"elementor-element elementor-element-8aa5632 elementor-widget elementor-widget-image\" data-id=\"8aa5632\" data-element_type=\"widget\" data-e-type=\"widget\" data-widget_type=\"image.default\">\n\t\t\t\t\t\t\t\t\t\t\t\t\t\t\t<img decoding=\"async\" src=\"https:\/\/www.ufp.pt\/wp-content\/uploads\/2026\/04\/VII-Jornadas-do-CECA-1.png\" title=\"VII CECA Conference 1\" alt=\"VII Jornadas do CECA 1\" loading=\"lazy\" \/>\t\t\t\t\t\t\t\t\t\t\t\t\t\t\t<\/div>\n\t\t\t\t\t<\/div>\n\t\t\t\t<\/div>\n\t\t<div class=\"elementor-element elementor-element-2ca3099 e-flex e-con-boxed e-con e-parent\" data-id=\"2ca3099\" data-element_type=\"container\" data-e-type=\"container\">\n\t\t\t\t\t<div class=\"e-con-inner\">\n\t\t\t\t<div class=\"elementor-element elementor-element-91da9c9 elementor-widget elementor-widget-image\" data-id=\"91da9c9\" data-element_type=\"widget\" data-e-type=\"widget\" data-widget_type=\"image.default\">\n\t\t\t\t\t\t\t\t\t\t\t\t\t\t\t<img decoding=\"async\" src=\"https:\/\/www.ufp.pt\/wp-content\/uploads\/2026\/04\/VII-Jornadas-do-CECA-4-1.png\" title=\"VII CECA 4 Conference\" alt=\"VII Jornadas do CECA 4\" loading=\"lazy\" \/>\t\t\t\t\t\t\t\t\t\t\t\t\t\t\t<\/div>\n\t\t\t\t\t<\/div>\n\t\t\t\t<\/div>\n\t\t<div class=\"elementor-element elementor-element-423b76e e-flex e-con-boxed e-con e-parent\" data-id=\"423b76e\" data-element_type=\"container\" data-e-type=\"container\">\n\t\t\t\t\t<div class=\"e-con-inner\">\n\t\t\t\t<div class=\"elementor-element elementor-element-63dcb2a elementor-widget elementor-widget-image\" data-id=\"63dcb2a\" data-element_type=\"widget\" data-e-type=\"widget\" data-widget_type=\"image.default\">\n\t\t\t\t\t\t\t\t\t\t\t\t\t\t\t<img decoding=\"async\" src=\"https:\/\/www.ufp.pt\/wp-content\/uploads\/2026\/04\/VII-Jornadas-do-CECA.png\" title=\"VII CECA Conference\" alt=\"VII Jornadas do CECA\" loading=\"lazy\" \/>\t\t\t\t\t\t\t\t\t\t\t\t\t\t\t<\/div>\n\t\t\t\t\t<\/div>\n\t\t\t\t<\/div>\n\t\t<div class=\"elementor-element elementor-element-de91b3a e-flex e-con-boxed e-con e-parent\" data-id=\"de91b3a\" data-element_type=\"container\" data-e-type=\"container\">\n\t\t\t\t\t<div class=\"e-con-inner\">\n\t\t\t\t<div class=\"elementor-element elementor-element-eeaeb79 elementor-widget elementor-widget-image\" data-id=\"eeaeb79\" data-element_type=\"widget\" data-e-type=\"widget\" data-widget_type=\"image.default\">\n\t\t\t\t\t\t\t\t\t\t\t\t\t\t\t<img decoding=\"async\" src=\"https:\/\/www.ufp.pt\/wp-content\/uploads\/2026\/04\/VII-Jornadas-do-CECA-3.png\" title=\"VII CECA 3 Conference\" alt=\"VII Jornadas do CECA 3\" loading=\"lazy\" \/>\t\t\t\t\t\t\t\t\t\t\t\t\t\t\t<\/div>\n\t\t\t\t\t<\/div>\n\t\t\t\t<\/div>\n\t\t\t\t<\/div>","protected":false},"excerpt":{"rendered":"<p>Na passada sexta-feira, dia 10 de abril, teve lugar, no Audit\u00f3rio do Trofa Sa\u00fade Hospital &#8211; Escola Fernando Pessoa, em Gondomar, a VII edi\u00e7\u00e3o das Jornadas do Centro de Estudos em Ci\u00eancia Animal (CECA). O evento reuniu investigadores, docentes e parceiros institucionais, num momento de partilha e reflex\u00e3o em torno da investiga\u00e7\u00e3o e inova\u00e7\u00e3o desenvolvidas [&hellip;]<\/p>\n","protected":false},"author":14,"featured_media":1054526,"comment_status":"closed","ping_status":"closed","sticky":false,"template":"","format":"standard","meta":{"footnotes":""},"categories":[6],"tags":[],"class_list":["post-1054515","post","type-post","status-publish","format-standard","has-post-thumbnail","hentry","category-noticias"],"yoast_head":"<!-- This site is optimized with the Yoast SEO plugin v27.4 - https:\/\/yoast.com\/product\/yoast-seo-wordpress\/ -->\n<title>VII edi\u00e7\u00e3o das Jornadas do CECA realizaram-se a 10 de abril - Universidade Fernando Pessoa<\/title>\n<meta name=\"robots\" content=\"index, follow, max-snippet:-1, max-image-preview:large, max-video-preview:-1\" \/>\n<link rel=\"canonical\" href=\"https:\/\/www.ufp.pt\/en\/vii-edicao-das-jornadas-do-ceca\/\" \/>\n<meta property=\"og:locale\" content=\"en_GB\" \/>\n<meta property=\"og:type\" content=\"article\" \/>\n<meta property=\"og:title\" content=\"VII edi\u00e7\u00e3o das Jornadas do CECA realizaram-se a 10 de abril - Universidade Fernando Pessoa\" \/>\n<meta property=\"og:description\" content=\"Na passada sexta-feira, dia 10 de abril, teve lugar, no Audit\u00f3rio do Trofa Sa\u00fade Hospital &#8211; Escola Fernando Pessoa, em Gondomar, a VII edi\u00e7\u00e3o das Jornadas do Centro de Estudos em Ci\u00eancia Animal (CECA). O evento reuniu investigadores, docentes e parceiros institucionais, num momento de partilha e reflex\u00e3o em torno da investiga\u00e7\u00e3o e inova\u00e7\u00e3o desenvolvidas [&hellip;]\" \/>\n<meta property=\"og:url\" content=\"https:\/\/www.ufp.pt\/en\/vii-edicao-das-jornadas-do-ceca\/\" \/>\n<meta property=\"og:site_name\" content=\"Universidade Fernando Pessoa\" \/>\n<meta property=\"article:publisher\" content=\"http:\/\/facebook.com\/universidadefernandopessoa\" \/>\n<meta property=\"article:published_time\" content=\"2026-04-20T08:45:54+00:00\" \/>\n<meta property=\"article:modified_time\" content=\"2026-04-20T14:45:11+00:00\" \/>\n<meta property=\"og:image\" content=\"https:\/\/www.ufp.pt\/wp-content\/uploads\/2026\/04\/VII-Jornadas-do-CECA-7.png\" \/>\n\t<meta property=\"og:image:width\" content=\"1424\" \/>\n\t<meta property=\"og:image:height\" content=\"748\" \/>\n\t<meta property=\"og:image:type\" content=\"image\/png\" \/>\n<meta name=\"author\" content=\"Joana Sousa\" \/>\n<meta name=\"twitter:card\" content=\"summary_large_image\" \/>\n<meta name=\"twitter:label1\" content=\"Written by\" \/>\n\t<meta name=\"twitter:data1\" content=\"Joana Sousa\" \/>\n\t<meta name=\"twitter:label2\" content=\"Est. reading time\" \/>\n\t<meta name=\"twitter:data2\" content=\"1 minute\" \/>\n<script type=\"application\/ld+json\" class=\"yoast-schema-graph\">{\"@context\":\"https:\\\/\\\/schema.org\",\"@graph\":[{\"@type\":\"Article\",\"@id\":\"https:\\\/\\\/www.ufp.pt\\\/vii-edicao-das-jornadas-do-ceca\\\/#article\",\"isPartOf\":{\"@id\":\"https:\\\/\\\/www.ufp.pt\\\/vii-edicao-das-jornadas-do-ceca\\\/\"},\"author\":{\"name\":\"Joana Sousa\",\"@id\":\"http:\\\/\\\/new.ufp.pt\\\/#\\\/schema\\\/person\\\/72405de391c60df9a8c800600c643eef\"},\"headline\":\"VII edi\u00e7\u00e3o das Jornadas do CECA realizaram-se a 10 de abril\",\"datePublished\":\"2026-04-20T08:45:54+00:00\",\"dateModified\":\"2026-04-20T14:45:11+00:00\",\"mainEntityOfPage\":{\"@id\":\"https:\\\/\\\/www.ufp.pt\\\/vii-edicao-das-jornadas-do-ceca\\\/\"},\"wordCount\":197,\"publisher\":{\"@id\":\"http:\\\/\\\/new.ufp.pt\\\/#organization\"},\"image\":{\"@id\":\"https:\\\/\\\/www.ufp.pt\\\/vii-edicao-das-jornadas-do-ceca\\\/#primaryimage\"},\"thumbnailUrl\":\"https:\\\/\\\/www.ufp.pt\\\/wp-content\\\/uploads\\\/2026\\\/04\\\/VII-Jornadas-do-CECA-7.png\",\"articleSection\":[\"Not\u00edcias\"],\"inLanguage\":\"en-GB\"},{\"@type\":\"WebPage\",\"@id\":\"https:\\\/\\\/www.ufp.pt\\\/vii-edicao-das-jornadas-do-ceca\\\/\",\"url\":\"https:\\\/\\\/www.ufp.pt\\\/vii-edicao-das-jornadas-do-ceca\\\/\",\"name\":\"VII edi\u00e7\u00e3o das Jornadas do CECA realizaram-se a 10 de abril - Universidade Fernando Pessoa\",\"isPartOf\":{\"@id\":\"http:\\\/\\\/new.ufp.pt\\\/#website\"},\"primaryImageOfPage\":{\"@id\":\"https:\\\/\\\/www.ufp.pt\\\/vii-edicao-das-jornadas-do-ceca\\\/#primaryimage\"},\"image\":{\"@id\":\"https:\\\/\\\/www.ufp.pt\\\/vii-edicao-das-jornadas-do-ceca\\\/#primaryimage\"},\"thumbnailUrl\":\"https:\\\/\\\/www.ufp.pt\\\/wp-content\\\/uploads\\\/2026\\\/04\\\/VII-Jornadas-do-CECA-7.png\",\"datePublished\":\"2026-04-20T08:45:54+00:00\",\"dateModified\":\"2026-04-20T14:45:11+00:00\",\"breadcrumb\":{\"@id\":\"https:\\\/\\\/www.ufp.pt\\\/vii-edicao-das-jornadas-do-ceca\\\/#breadcrumb\"},\"inLanguage\":\"en-GB\",\"potentialAction\":[{\"@type\":\"ReadAction\",\"target\":[\"https:\\\/\\\/www.ufp.pt\\\/vii-edicao-das-jornadas-do-ceca\\\/\"]}]},{\"@type\":\"ImageObject\",\"inLanguage\":\"en-GB\",\"@id\":\"https:\\\/\\\/www.ufp.pt\\\/vii-edicao-das-jornadas-do-ceca\\\/#primaryimage\",\"url\":\"https:\\\/\\\/www.ufp.pt\\\/wp-content\\\/uploads\\\/2026\\\/04\\\/VII-Jornadas-do-CECA-7.png\",\"contentUrl\":\"https:\\\/\\\/www.ufp.pt\\\/wp-content\\\/uploads\\\/2026\\\/04\\\/VII-Jornadas-do-CECA-7.png\",\"width\":1424,\"height\":748},{\"@type\":\"BreadcrumbList\",\"@id\":\"https:\\\/\\\/www.ufp.pt\\\/vii-edicao-das-jornadas-do-ceca\\\/#breadcrumb\",\"itemListElement\":[{\"@type\":\"ListItem\",\"position\":1,\"name\":\"UFP\",\"item\":\"https:\\\/\\\/www.ufp.pt\\\/\"},{\"@type\":\"ListItem\",\"position\":2,\"name\":\"VII edi\u00e7\u00e3o das Jornadas do CECA realizaram-se a 10 de abril\"}]},{\"@type\":\"WebSite\",\"@id\":\"http:\\\/\\\/new.ufp.pt\\\/#website\",\"url\":\"http:\\\/\\\/new.ufp.pt\\\/\",\"name\":\"Universidade Fernando Pessoa\",\"description\":\"\",\"publisher\":{\"@id\":\"http:\\\/\\\/new.ufp.pt\\\/#organization\"},\"potentialAction\":[{\"@type\":\"SearchAction\",\"target\":{\"@type\":\"EntryPoint\",\"urlTemplate\":\"http:\\\/\\\/new.ufp.pt\\\/?s={search_term_string}\"},\"query-input\":{\"@type\":\"PropertyValueSpecification\",\"valueRequired\":true,\"valueName\":\"search_term_string\"}}],\"inLanguage\":\"en-GB\"},{\"@type\":\"Organization\",\"@id\":\"http:\\\/\\\/new.ufp.pt\\\/#organization\",\"name\":\"Universidade Fernando Pessoa\",\"alternateName\":\"UFP\",\"url\":\"http:\\\/\\\/new.ufp.pt\\\/\",\"logo\":{\"@type\":\"ImageObject\",\"inLanguage\":\"en-GB\",\"@id\":\"http:\\\/\\\/new.ufp.pt\\\/#\\\/schema\\\/logo\\\/image\\\/\",\"url\":\"https:\\\/\\\/www.ufp.pt\\\/wp-content\\\/uploads\\\/2025\\\/11\\\/02logo_ufp_site.svg\",\"contentUrl\":\"https:\\\/\\\/www.ufp.pt\\\/wp-content\\\/uploads\\\/2025\\\/11\\\/02logo_ufp_site.svg\",\"width\":1280,\"height\":1280,\"caption\":\"Universidade Fernando Pessoa\"},\"image\":{\"@id\":\"http:\\\/\\\/new.ufp.pt\\\/#\\\/schema\\\/logo\\\/image\\\/\"},\"sameAs\":[\"http:\\\/\\\/facebook.com\\\/universidadefernandopessoa\",\"https:\\\/\\\/www.instagram.com\\\/universidadefernandopessoa\\\/\",\"https:\\\/\\\/www.youtube.com\\\/channel\\\/UCgDBeiAe6LpnSzEQj6-TssA\",\"https:\\\/\\\/pt.linkedin.com\\\/school\\\/universidade-fernando-pessoa\\\/\"]},{\"@type\":\"Person\",\"@id\":\"http:\\\/\\\/new.ufp.pt\\\/#\\\/schema\\\/person\\\/72405de391c60df9a8c800600c643eef\",\"name\":\"Joana Sousa\",\"image\":{\"@type\":\"ImageObject\",\"inLanguage\":\"en-GB\",\"@id\":\"https:\\\/\\\/secure.gravatar.com\\\/avatar\\\/62a68c25a3c49a343e70157d12f788958b57a1bc2b9f97756d7b20a42a87751a?s=96&d=mm&r=g\",\"url\":\"https:\\\/\\\/secure.gravatar.com\\\/avatar\\\/62a68c25a3c49a343e70157d12f788958b57a1bc2b9f97756d7b20a42a87751a?s=96&d=mm&r=g\",\"contentUrl\":\"https:\\\/\\\/secure.gravatar.com\\\/avatar\\\/62a68c25a3c49a343e70157d12f788958b57a1bc2b9f97756d7b20a42a87751a?s=96&d=mm&r=g\",\"caption\":\"Joana Sousa\"},\"url\":\"https:\\\/\\\/www.ufp.pt\\\/en\\\/author\\\/joanagsousa\\\/\"}]}<\/script>\n<!-- \/ Yoast SEO plugin. -->","yoast_head_json":{"title":"VII edi\u00e7\u00e3o das Jornadas do CECA realizaram-se a 10 de abril - Universidade Fernando Pessoa","robots":{"index":"index","follow":"follow","max-snippet":"max-snippet:-1","max-image-preview":"max-image-preview:large","max-video-preview":"max-video-preview:-1"},"canonical":"https:\/\/www.ufp.pt\/en\/vii-edicao-das-jornadas-do-ceca\/","og_locale":"en_GB","og_type":"article","og_title":"VII edi\u00e7\u00e3o das Jornadas do CECA realizaram-se a 10 de abril - Universidade Fernando Pessoa","og_description":"Na passada sexta-feira, dia 10 de abril, teve lugar, no Audit\u00f3rio do Trofa Sa\u00fade Hospital &#8211; Escola Fernando Pessoa, em Gondomar, a VII edi\u00e7\u00e3o das Jornadas do Centro de Estudos em Ci\u00eancia Animal (CECA). O evento reuniu investigadores, docentes e parceiros institucionais, num momento de partilha e reflex\u00e3o em torno da investiga\u00e7\u00e3o e inova\u00e7\u00e3o desenvolvidas [&hellip;]","og_url":"https:\/\/www.ufp.pt\/en\/vii-edicao-das-jornadas-do-ceca\/","og_site_name":"Universidade Fernando Pessoa","article_publisher":"http:\/\/facebook.com\/universidadefernandopessoa","article_published_time":"2026-04-20T08:45:54+00:00","article_modified_time":"2026-04-20T14:45:11+00:00","og_image":[{"width":1424,"height":748,"url":"https:\/\/www.ufp.pt\/wp-content\/uploads\/2026\/04\/VII-Jornadas-do-CECA-7.png","type":"image\/png"}],"author":"Joana Sousa","twitter_card":"summary_large_image","twitter_misc":{"Written by":"Joana Sousa","Est. reading time":"1 minute"},"schema":{"@context":"https:\/\/schema.org","@graph":[{"@type":"Article","@id":"https:\/\/www.ufp.pt\/vii-edicao-das-jornadas-do-ceca\/#article","isPartOf":{"@id":"https:\/\/www.ufp.pt\/vii-edicao-das-jornadas-do-ceca\/"},"author":{"name":"Joana Sousa","@id":"http:\/\/new.ufp.pt\/#\/schema\/person\/72405de391c60df9a8c800600c643eef"},"headline":"VII edi\u00e7\u00e3o das Jornadas do CECA realizaram-se a 10 de abril","datePublished":"2026-04-20T08:45:54+00:00","dateModified":"2026-04-20T14:45:11+00:00","mainEntityOfPage":{"@id":"https:\/\/www.ufp.pt\/vii-edicao-das-jornadas-do-ceca\/"},"wordCount":197,"publisher":{"@id":"http:\/\/new.ufp.pt\/#organization"},"image":{"@id":"https:\/\/www.ufp.pt\/vii-edicao-das-jornadas-do-ceca\/#primaryimage"},"thumbnailUrl":"https:\/\/www.ufp.pt\/wp-content\/uploads\/2026\/04\/VII-Jornadas-do-CECA-7.png","articleSection":["Not\u00edcias"],"inLanguage":"en-GB"},{"@type":"WebPage","@id":"https:\/\/www.ufp.pt\/vii-edicao-das-jornadas-do-ceca\/","url":"https:\/\/www.ufp.pt\/vii-edicao-das-jornadas-do-ceca\/","name":"VII edi\u00e7\u00e3o das Jornadas do CECA realizaram-se a 10 de abril - Universidade Fernando Pessoa","isPartOf":{"@id":"http:\/\/new.ufp.pt\/#website"},"primaryImageOfPage":{"@id":"https:\/\/www.ufp.pt\/vii-edicao-das-jornadas-do-ceca\/#primaryimage"},"image":{"@id":"https:\/\/www.ufp.pt\/vii-edicao-das-jornadas-do-ceca\/#primaryimage"},"thumbnailUrl":"https:\/\/www.ufp.pt\/wp-content\/uploads\/2026\/04\/VII-Jornadas-do-CECA-7.png","datePublished":"2026-04-20T08:45:54+00:00","dateModified":"2026-04-20T14:45:11+00:00","breadcrumb":{"@id":"https:\/\/www.ufp.pt\/vii-edicao-das-jornadas-do-ceca\/#breadcrumb"},"inLanguage":"en-GB","potentialAction":[{"@type":"ReadAction","target":["https:\/\/www.ufp.pt\/vii-edicao-das-jornadas-do-ceca\/"]}]},{"@type":"ImageObject","inLanguage":"en-GB","@id":"https:\/\/www.ufp.pt\/vii-edicao-das-jornadas-do-ceca\/#primaryimage","url":"https:\/\/www.ufp.pt\/wp-content\/uploads\/2026\/04\/VII-Jornadas-do-CECA-7.png","contentUrl":"https:\/\/www.ufp.pt\/wp-content\/uploads\/2026\/04\/VII-Jornadas-do-CECA-7.png","width":1424,"height":748},{"@type":"BreadcrumbList","@id":"https:\/\/www.ufp.pt\/vii-edicao-das-jornadas-do-ceca\/#breadcrumb","itemListElement":[{"@type":"ListItem","position":1,"name":"UFP","item":"https:\/\/www.ufp.pt\/"},{"@type":"ListItem","position":2,"name":"VII edi\u00e7\u00e3o das Jornadas do CECA realizaram-se a 10 de abril"}]},{"@type":"WebSite","@id":"http:\/\/new.ufp.pt\/#website","url":"http:\/\/new.ufp.pt\/","name":"Fernando Pessoa University","description":"","publisher":{"@id":"http:\/\/new.ufp.pt\/#organization"},"potentialAction":[{"@type":"SearchAction","target":{"@type":"EntryPoint","urlTemplate":"http:\/\/new.ufp.pt\/?s={search_term_string}"},"query-input":{"@type":"PropertyValueSpecification","valueRequired":true,"valueName":"search_term_string"}}],"inLanguage":"en-GB"},{"@type":"Organization","@id":"http:\/\/new.ufp.pt\/#organization","name":"Fernando Pessoa University","alternateName":"UFP","url":"http:\/\/new.ufp.pt\/","logo":{"@type":"ImageObject","inLanguage":"en-GB","@id":"http:\/\/new.ufp.pt\/#\/schema\/logo\/image\/","url":"https:\/\/www.ufp.pt\/wp-content\/uploads\/2025\/11\/02logo_ufp_site.svg","contentUrl":"https:\/\/www.ufp.pt\/wp-content\/uploads\/2025\/11\/02logo_ufp_site.svg","width":1280,"height":1280,"caption":"Universidade Fernando Pessoa"},"image":{"@id":"http:\/\/new.ufp.pt\/#\/schema\/logo\/image\/"},"sameAs":["http:\/\/facebook.com\/universidadefernandopessoa","https:\/\/www.instagram.com\/universidadefernandopessoa\/","https:\/\/www.youtube.com\/channel\/UCgDBeiAe6LpnSzEQj6-TssA","https:\/\/pt.linkedin.com\/school\/universidade-fernando-pessoa\/"]},{"@type":"Person","@id":"http:\/\/new.ufp.pt\/#\/schema\/person\/72405de391c60df9a8c800600c643eef","name":"Joana Sousa","image":{"@type":"ImageObject","inLanguage":"en-GB","@id":"https:\/\/secure.gravatar.com\/avatar\/62a68c25a3c49a343e70157d12f788958b57a1bc2b9f97756d7b20a42a87751a?s=96&d=mm&r=g","url":"https:\/\/secure.gravatar.com\/avatar\/62a68c25a3c49a343e70157d12f788958b57a1bc2b9f97756d7b20a42a87751a?s=96&d=mm&r=g","contentUrl":"https:\/\/secure.gravatar.com\/avatar\/62a68c25a3c49a343e70157d12f788958b57a1bc2b9f97756d7b20a42a87751a?s=96&d=mm&r=g","caption":"Joana Sousa"},"url":"https:\/\/www.ufp.pt\/en\/author\/joanagsousa\/"}]}},"_links":{"self":[{"href":"https:\/\/www.ufp.pt\/en\/wp-json\/wp\/v2\/posts\/1054515","targetHints":{"allow":["GET"]}}],"collection":[{"href":"https:\/\/www.ufp.pt\/en\/wp-json\/wp\/v2\/posts"}],"about":[{"href":"https:\/\/www.ufp.pt\/en\/wp-json\/wp\/v2\/types\/post"}],"author":[{"embeddable":true,"href":"https:\/\/www.ufp.pt\/en\/wp-json\/wp\/v2\/users\/14"}],"replies":[{"embeddable":true,"href":"https:\/\/www.ufp.pt\/en\/wp-json\/wp\/v2\/comments?post=1054515"}],"version-history":[{"count":7,"href":"https:\/\/www.ufp.pt\/en\/wp-json\/wp\/v2\/posts\/1054515\/revisions"}],"predecessor-version":[{"id":1054531,"href":"https:\/\/www.ufp.pt\/en\/wp-json\/wp\/v2\/posts\/1054515\/revisions\/1054531"}],"wp:featuredmedia":[{"embeddable":true,"href":"https:\/\/www.ufp.pt\/en\/wp-json\/wp\/v2\/media\/1054526"}],"wp:attachment":[{"href":"https:\/\/www.ufp.pt\/en\/wp-json\/wp\/v2\/media?parent=1054515"}],"wp:term":[{"taxonomy":"category","embeddable":true,"href":"https:\/\/www.ufp.pt\/en\/wp-json\/wp\/v2\/categories?post=1054515"},{"taxonomy":"post_tag","embeddable":true,"href":"https:\/\/www.ufp.pt\/en\/wp-json\/wp\/v2\/tags?post=1054515"}],"curies":[{"name":"wp","href":"https:\/\/api.w.org\/{rel}","templated":true}]}}